{"id":67593,"date":"2018-10-25T12:55:20","date_gmt":"2018-10-25T10:55:20","guid":{"rendered":"http:\/\/silene.idilicstudio.com\/?p=67593"},"modified":"2021-02-21T10:31:23","modified_gmt":"2021-02-21T09:31:23","slug":"declaration-of-the-sacred-earth-gathering","status":"publish","type":"post","link":"https:\/\/www.silene.ong\/fr\/centre-de-documentation\/declaration\/declaration-of-the-sacred-earth-gathering","title":{"rendered":"Declaration of the Sacred Earth Gathering"},"content":{"rendered":"<p>La D\u00e9claration de la Terre Sacr\u00e9e est un texte concis et profond qui conserve sa validit\u00e9, malgr\u00e9 les ann\u00e9es pass\u00e9es, r\u00e9dig\u00e9 par de nombreux dirigeants autochtones, religieux, politiques et non gouvernementaux qui ont particip\u00e9 \u00e0 la \u00ab\u00a0Rencontre Terre Sacr\u00e9e\u00a0\u00bb pendant les deux jours avant le Sommet de la Terre de 1992. Ils \u00e9taient arriv\u00e9s \u00e0 Rio de Janeiro en provenance du monde entier pour donner des perspectives spirituelles sur les questions \u00e9cologiques et la prise de d\u00e9cisions, dans l&rsquo;environnement hautement politis\u00e9 du premier Sommet de la Terre organis\u00e9 par l&rsquo;ONU.<\/p>\n<!--themify_builder_content-->\n<div id=\"themify_builder_content-67593\" data-postid=\"67593\" class=\"themify_builder_content themify_builder_content-67593 themify_builder tf_clear\">\n    <\/div>\n<!--\/themify_builder_content-->\n","protected":false},"excerpt":{"rendered":"<p>La D\u00e9claration de la Terre Sacr\u00e9e est un texte concis et profond qui conserve sa validit\u00e9, malgr\u00e9 les&#8230;<\/p>\n","protected":false},"author":21,"featured_media":74823,"comment_status":"closed","ping_status":"closed","sticky":false,"template":"","format":"standard","meta":{"_acf_changed":false,"footnotes":""},"categories":[107],"tags":[277,365,295],"class_list":["post-67593","post","type-post","status-publish","format-standard","has-post-thumbnail","hentry","category-declaration","tag-ethique","tag-traditions-ancestrales","tag-traditions-spirituelles","has-post-title","has-post-date","has-post-category","has-post-tag","has-post-comment","has-post-author",""],"acf":[],"_links":{"self":[{"href":"https:\/\/www.silene.ong\/fr\/wp-json\/wp\/v2\/posts\/67593","targetHints":{"allow":["GET"]}}],"collection":[{"href":"https:\/\/www.silene.ong\/fr\/wp-json\/wp\/v2\/posts"}],"about":[{"href":"https:\/\/www.silene.ong\/fr\/wp-json\/wp\/v2\/types\/post"}],"author":[{"embeddable":true,"href":"https:\/\/www.silene.ong\/fr\/wp-json\/wp\/v2\/users\/21"}],"replies":[{"embeddable":true,"href":"https:\/\/www.silene.ong\/fr\/wp-json\/wp\/v2\/comments?post=67593"}],"version-history":[{"count":7,"href":"https:\/\/www.silene.ong\/fr\/wp-json\/wp\/v2\/posts\/67593\/revisions"}],"predecessor-version":[{"id":86681,"href":"https:\/\/www.silene.ong\/fr\/wp-json\/wp\/v2\/posts\/67593\/revisions\/86681"}],"wp:featuredmedia":[{"embeddable":true,"href":"https:\/\/www.silene.ong\/fr\/wp-json\/wp\/v2\/media\/74823"}],"wp:attachment":[{"href":"https:\/\/www.silene.ong\/fr\/wp-json\/wp\/v2\/media?parent=67593"}],"wp:term":[{"taxonomy":"category","embeddable":true,"href":"https:\/\/www.silene.ong\/fr\/wp-json\/wp\/v2\/categories?post=67593"},{"taxonomy":"post_tag","embeddable":true,"href":"https:\/\/www.silene.ong\/fr\/wp-json\/wp\/v2\/tags?post=67593"}],"curies":[{"name":"wp","href":"https:\/\/api.w.org\/{rel}","templated":true}]}}