{"id":67667,"date":"2018-10-25T12:55:27","date_gmt":"2018-10-25T10:55:27","guid":{"rendered":"http:\/\/silene.idilicstudio.com\/?p=67667"},"modified":"2021-02-21T09:10:35","modified_gmt":"2021-02-21T08:10:35","slug":"valuing-trees-in-changing-cultural-landscape-case-study-from-northwestern-greece","status":"publish","type":"post","link":"https:\/\/www.silene.ong\/fr\/centre-de-documentation\/reflexions-sur-la-science-et-la-spiritualite-fr\/valuing-trees-in-changing-cultural-landscape-case-study-from-northwestern-greece","title":{"rendered":"Valuing Trees in a Changing Cultural Landscape: A Case Study from Northwestern Greece"},"content":{"rendered":"<p>Cet article examine l\u2019\u00e9volution de la relation entre la soci\u00e9t\u00e9 et l\u2019environnement en prenant comme exemple local la valorisation des arbres dans la r\u00e9gion de Zagori, au nord-ouest de la Gr\u00e8ce. Des \u00e9chantillons de contr\u00f4le ont \u00e9t\u00e9 utilis\u00e9s et les informateurs ont \u00e9t\u00e9 invit\u00e9s \u00e0 \u00e9crire la valeur per\u00e7ue des essences s\u00e9lectionn\u00e9es et des listes d&rsquo;associations d&rsquo;arbres. Les r\u00e9ponses ont \u00e9t\u00e9 class\u00e9es en grandes cat\u00e9gories. Les valeurs utilitaires pr\u00e9valaient, bien que des valeurs intangibles soient apparues \u00e0 plusieurs reprises. Chez les esp\u00e8ces qui avaient domin\u00e9es culturellement dans le pass\u00e9, le changement vers les valeurs utilitaires a \u00e9t\u00e9 tr\u00e8s important. Les jeunes informateurs n&rsquo;\u00e9taient plus en mesure d&rsquo;identifier les esp\u00e8ces d&rsquo;arbres communs et ne connaissaient g\u00e9n\u00e9ralement pas les valeurs associ\u00e9es aux arbres par les g\u00e9n\u00e9rations pr\u00e9c\u00e9dentes. Certaines esp\u00e8ces d&rsquo;arbres sont toujours tr\u00e8s appr\u00e9ci\u00e9es, mais maintenant davantage \u00e0 cause de leur importance immat\u00e9rielle. L&rsquo;un d&rsquo;entre eux soutient que des outils simples tels que la valorisation des arbres sont utiles pour explorer la relation entre les personnes et le paysage o\u00f9 elles vivent.<\/p>\n<!--themify_builder_content-->\n<div id=\"themify_builder_content-67667\" data-postid=\"67667\" class=\"themify_builder_content themify_builder_content-67667 themify_builder tf_clear\">\n    <\/div>\n<!--\/themify_builder_content-->\n","protected":false},"excerpt":{"rendered":"<p>Cet article examine l\u2019\u00e9volution de la relation entre la soci\u00e9t\u00e9 et l\u2019environnement en prenant comme exemple local la&#8230;<\/p>\n","protected":false},"author":21,"featured_media":79936,"comment_status":"closed","ping_status":"closed","sticky":false,"template":"","format":"standard","meta":{"_acf_changed":false,"footnotes":""},"categories":[140,137],"tags":[310,288,302],"class_list":["post-67667","post","type-post","status-publish","format-standard","has-post-thumbnail","hentry","category-reflexions-sur-la-nature-et-la-spiritualite","category-reflexions-sur-la-science-et-la-spiritualite-fr","tag-christianisme","tag-patrimoine","tag-valeurs-spirituels","has-post-title","has-post-date","has-post-category","has-post-tag","has-post-comment","has-post-author",""],"acf":[],"_links":{"self":[{"href":"https:\/\/www.silene.ong\/fr\/wp-json\/wp\/v2\/posts\/67667","targetHints":{"allow":["GET"]}}],"collection":[{"href":"https:\/\/www.silene.ong\/fr\/wp-json\/wp\/v2\/posts"}],"about":[{"href":"https:\/\/www.silene.ong\/fr\/wp-json\/wp\/v2\/types\/post"}],"author":[{"embeddable":true,"href":"https:\/\/www.silene.ong\/fr\/wp-json\/wp\/v2\/users\/21"}],"replies":[{"embeddable":true,"href":"https:\/\/www.silene.ong\/fr\/wp-json\/wp\/v2\/comments?post=67667"}],"version-history":[{"count":2,"href":"https:\/\/www.silene.ong\/fr\/wp-json\/wp\/v2\/posts\/67667\/revisions"}],"predecessor-version":[{"id":86614,"href":"https:\/\/www.silene.ong\/fr\/wp-json\/wp\/v2\/posts\/67667\/revisions\/86614"}],"wp:featuredmedia":[{"embeddable":true,"href":"https:\/\/www.silene.ong\/fr\/wp-json\/wp\/v2\/media\/79936"}],"wp:attachment":[{"href":"https:\/\/www.silene.ong\/fr\/wp-json\/wp\/v2\/media?parent=67667"}],"wp:term":[{"taxonomy":"category","embeddable":true,"href":"https:\/\/www.silene.ong\/fr\/wp-json\/wp\/v2\/categories?post=67667"},{"taxonomy":"post_tag","embeddable":true,"href":"https:\/\/www.silene.ong\/fr\/wp-json\/wp\/v2\/tags?post=67667"}],"curies":[{"name":"wp","href":"https:\/\/api.w.org\/{rel}","templated":true}]}}