{"id":67735,"date":"2007-12-01T00:00:01","date_gmt":"2007-11-30T22:00:01","guid":{"rendered":"http:\/\/silene.idilicstudio.com\/?p=67735"},"modified":"2021-02-25T03:03:05","modified_gmt":"2021-02-25T02:03:05","slug":"sanctuaires-et-nature-reflexions-et-perspectives-espagne-2007","status":"publish","type":"post","link":"https:\/\/www.silene.ong\/fr\/actualites\/sanctuaires-et-nature-reflexions-et-perspectives-espagne-2007","title":{"rendered":"Sanctuaires de la Catalogne et les \u00eeles Balears et la nature : reflexions et perspectives"},"content":{"rendered":"<p>Dans le cadre de la <strong>28\u00e8me Trobada de Rectors de Santuaris de Catalunya i Balears<\/strong> (Rencontre de Pr\u00eatres Recteurs de Sanctuaires de la Catalogne et des \u00celes Bal\u00e9ares \u2013 Espagne), qui e\u00fbt lieu au Sanctuaire de N\u00faria (Girona, Espagne) du 12 au 14 mars 2007, Josep M. Mallarach et Jordi Falgarona, membres de l\u2019Association Silene et de <a href=\"http:\/\/www.med-ina.org\/delos\/\" target=\"_blank\" rel=\"noopener\">l&rsquo;Initiative Delos<\/a> (Commission mondiale d\u2019aires prot\u00e9g\u00e9es), ont pr\u00e9sent\u00e9 une communication intitul\u00e9e \u201c<a href=\"https:\/\/www.silene.ong\/fr\/centre-de-documentation\/publications-silene\/els-santuaris-espais-naturals-protegits-reflexions-i-perspectives\"><em>Santuaris i Natura: reflexions i perspectives<\/em><\/a>\u201d.<\/p>\n<p>La communication analysait la situation des sanctuaires de Catalogne et des \u00eeles Bal\u00e9ares, qui se trouvaient dans des zones naturelles prot\u00e9g\u00e9es, et proposait des modules de collaboration concrets entre les responsables des sanctuaires et ceux des zones naturelles prot\u00e9g\u00e9es, ils sont implant\u00e9s &#8211; comme celui de Notre-Dame de N\u00faria &#8211; \u00e0 partir d&rsquo;int\u00e9r\u00eats et d&rsquo;objectifs communs.<\/p>\n<!--themify_builder_content-->\n<div id=\"themify_builder_content-67735\" data-postid=\"67735\" class=\"themify_builder_content themify_builder_content-67735 themify_builder tf_clear\">\n    <\/div>\n<!--\/themify_builder_content-->\n","protected":false},"excerpt":{"rendered":"<p>Dans le cadre de la 28\u00e8me Trobada de Rectors de Santuaris de Catalunya i Balears (Rencontre de Pr\u00eatres&#8230;<\/p>\n","protected":false},"author":21,"featured_media":77758,"comment_status":"closed","ping_status":"closed","sticky":false,"template":"","format":"standard","meta":{"_acf_changed":false,"footnotes":""},"categories":[131],"tags":[310,315,302],"class_list":["post-67735","post","type-post","status-publish","format-standard","has-post-thumbnail","hentry","category-actualites","tag-christianisme","tag-sites-sacres","tag-valeurs-spirituels","has-post-title","has-post-date","has-post-category","has-post-tag","has-post-comment","has-post-author",""],"acf":[],"_links":{"self":[{"href":"https:\/\/www.silene.ong\/fr\/wp-json\/wp\/v2\/posts\/67735","targetHints":{"allow":["GET"]}}],"collection":[{"href":"https:\/\/www.silene.ong\/fr\/wp-json\/wp\/v2\/posts"}],"about":[{"href":"https:\/\/www.silene.ong\/fr\/wp-json\/wp\/v2\/types\/post"}],"author":[{"embeddable":true,"href":"https:\/\/www.silene.ong\/fr\/wp-json\/wp\/v2\/users\/21"}],"replies":[{"embeddable":true,"href":"https:\/\/www.silene.ong\/fr\/wp-json\/wp\/v2\/comments?post=67735"}],"version-history":[{"count":5,"href":"https:\/\/www.silene.ong\/fr\/wp-json\/wp\/v2\/posts\/67735\/revisions"}],"predecessor-version":[{"id":93993,"href":"https:\/\/www.silene.ong\/fr\/wp-json\/wp\/v2\/posts\/67735\/revisions\/93993"}],"wp:featuredmedia":[{"embeddable":true,"href":"https:\/\/www.silene.ong\/fr\/wp-json\/wp\/v2\/media\/77758"}],"wp:attachment":[{"href":"https:\/\/www.silene.ong\/fr\/wp-json\/wp\/v2\/media?parent=67735"}],"wp:term":[{"taxonomy":"category","embeddable":true,"href":"https:\/\/www.silene.ong\/fr\/wp-json\/wp\/v2\/categories?post=67735"},{"taxonomy":"post_tag","embeddable":true,"href":"https:\/\/www.silene.ong\/fr\/wp-json\/wp\/v2\/tags?post=67735"}],"curies":[{"name":"wp","href":"https:\/\/api.w.org\/{rel}","templated":true}]}}