{"id":67739,"date":"2007-12-01T00:00:01","date_gmt":"2007-11-30T22:00:01","guid":{"rendered":"http:\/\/silene.idilicstudio.com\/?p=67739"},"modified":"2021-02-19T08:58:39","modified_gmt":"2021-02-19T07:58:39","slug":"expose-sur-les-espaces-sacres-et-les-aires-protegees-uicn-almeria-2007","status":"publish","type":"post","link":"https:\/\/www.silene.ong\/fr\/actualites\/expose-sur-les-espaces-sacres-et-les-aires-protegees-uicn-almeria-2007","title":{"rendered":"Les espaces sacr\u00e9s dans le sommet sur les cat\u00e9gories d&rsquo;aires prot\u00e9g\u00e9es de l&rsquo;UICN"},"content":{"rendered":"<p>Au nom du groupe de travail sur les Valeurs Culturels et Spirituels des Espaces Naturels Prot\u00e9g\u00e9s et de L\u2019Initiative Delos (Commission Mondiale des Aires Prot\u00e9g\u00e9es de la UICN), Bas Verschuuren, Josep-Maria Mallarach et Gonzalo Oviedo, membres du groupe de travail de l&rsquo;initiative Delos, pr\u00e9senteront un expos\u00e9 sur les<strong> espaces sacr\u00e9s et les aires prot\u00e9g\u00e9es<\/strong> lors du prochain sommet de la UICN sur les Cat\u00e9gories de protecction des aires prot\u00e9g\u00e9es, qui aura lieu \u00e0 Almeria (Espagne) du 7 au 11 Mai 2007.<\/p>\n<hr \/>\n<p><strong>Pour plus d&rsquo;information;\u00a0<\/strong><a href=\"https:\/\/www.iucn.org\/content\/defining-protected-areas-international-conference-almeria-spain-may-2007\">Publication de le sommet<\/a><\/p>\n<hr \/>\n<!--themify_builder_content-->\n<div id=\"themify_builder_content-67739\" data-postid=\"67739\" class=\"themify_builder_content themify_builder_content-67739 themify_builder tf_clear\">\n    <\/div>\n<!--\/themify_builder_content-->\n","protected":false},"excerpt":{"rendered":"<p>Au nom du groupe de travail sur les Valeurs Culturels et Spirituels des Espaces Naturels Prot\u00e9g\u00e9s et de&#8230;<\/p>\n","protected":false},"author":21,"featured_media":78256,"comment_status":"closed","ping_status":"closed","sticky":false,"template":"","format":"standard","meta":{"_acf_changed":false,"footnotes":""},"categories":[131],"tags":[346,256,315],"class_list":["post-67739","post","type-post","status-publish","format-standard","has-post-thumbnail","hentry","category-actualites","tag-aires-protegees","tag-conservation-fr","tag-sites-sacres","has-post-title","has-post-date","has-post-category","has-post-tag","has-post-comment","has-post-author",""],"acf":[],"_links":{"self":[{"href":"https:\/\/www.silene.ong\/fr\/wp-json\/wp\/v2\/posts\/67739","targetHints":{"allow":["GET"]}}],"collection":[{"href":"https:\/\/www.silene.ong\/fr\/wp-json\/wp\/v2\/posts"}],"about":[{"href":"https:\/\/www.silene.ong\/fr\/wp-json\/wp\/v2\/types\/post"}],"author":[{"embeddable":true,"href":"https:\/\/www.silene.ong\/fr\/wp-json\/wp\/v2\/users\/21"}],"replies":[{"embeddable":true,"href":"https:\/\/www.silene.ong\/fr\/wp-json\/wp\/v2\/comments?post=67739"}],"version-history":[{"count":4,"href":"https:\/\/www.silene.ong\/fr\/wp-json\/wp\/v2\/posts\/67739\/revisions"}],"predecessor-version":[{"id":94000,"href":"https:\/\/www.silene.ong\/fr\/wp-json\/wp\/v2\/posts\/67739\/revisions\/94000"}],"wp:featuredmedia":[{"embeddable":true,"href":"https:\/\/www.silene.ong\/fr\/wp-json\/wp\/v2\/media\/78256"}],"wp:attachment":[{"href":"https:\/\/www.silene.ong\/fr\/wp-json\/wp\/v2\/media?parent=67739"}],"wp:term":[{"taxonomy":"category","embeddable":true,"href":"https:\/\/www.silene.ong\/fr\/wp-json\/wp\/v2\/categories?post=67739"},{"taxonomy":"post_tag","embeddable":true,"href":"https:\/\/www.silene.ong\/fr\/wp-json\/wp\/v2\/tags?post=67739"}],"curies":[{"name":"wp","href":"https:\/\/api.w.org\/{rel}","templated":true}]}}