{"id":67754,"date":"2008-02-01T00:00:01","date_gmt":"2008-01-31T23:00:01","guid":{"rendered":"http:\/\/silene.idilicstudio.com\/?p=67754"},"modified":"2021-02-20T09:39:39","modified_gmt":"2021-02-20T08:39:39","slug":"preparation-et-presentation-du-cas-detude-au-parc-natural-montsant-tarragona-espagne-2008","status":"publish","type":"post","link":"https:\/\/www.silene.ong\/fr\/actualites\/preparation-et-presentation-du-cas-detude-au-parc-natural-montsant-tarragona-espagne-2008","title":{"rendered":"Recommendations pour int\u00e9grer les valeurs culturels et spirituels dans le Parc Natural del Montsant"},"content":{"rendered":"<p>Le Montsant a \u00e9t\u00e9 consid\u00e9r\u00e9e sacr\u00e9e depuis des si\u00e8cles, comme l\u2019indique son nom catalan; ses valeurs religieuses \u00e9taient exceptionnelles par le pass\u00e9, depuis de 12\u00e8me si\u00e8cle du moins, et elles continuent d\u2019\u00eatre reconnues au pr\u00e9sent. Le patrimoine naturel du Montsant a aussi une grande valeur, tant par sa g\u00e9omorphologie,\u00a0 sa v\u00e9g\u00e9tation et sa faune, que par le paysage que ceux-ci configurent. Ainsi donc, le Montsant combine des valeurs naturelles, culturelles et spirituelles tr\u00e8s significatives. L\u2019ann\u00e9e 2002, le Gouvernement de la Catalogne, afin d\u2019assurer \/ sa protection, d\u00e9clar\u00e2t la Serra du Montsant comme Parc Naturel, et quatre ans plus tard celui-ci appartenait au r\u00e9seau europ\u00e9en Natura 2000.<\/p>\n<p>Jordi Falgarona, Jaume Estarellas et Josep-Maria Mallarach, membres de l\u2019Association Silene, ont pr\u00e9par\u00e9 le cas d\u2019\u00e9tude du Parc Naturel du Montsant (inclus dans l&rsquo;Initiative Delos) dans lequel sont pr\u00e9sent\u00e9es des recommandations pour l\u2019application d\u2019actions positives en rapport avec les valeurs immat\u00e9rielles de l\u2019endroit. Dans cette \u00e9tude sont prises en consid\u00e9ration des exp\u00e9riences d\u2019autres espaces prot\u00e9g\u00e9s qui ont des caract\u00e9ristiques semblables.Les recommandations propos\u00e9es incluent 13 mesures, parmi lesquelles l\u2019expansion de l\u2019espace prot\u00e9g\u00e9, des am\u00e9liorations concernant l\u2019usage public, l\u2019\u00e9ducation et la gestion, et l\u2019int\u00e9gration efficace des valeurs naturelles, culturelles et spirituelles dans le Parc.Les r\u00e9sultats ont \u00e9t\u00e9 pr\u00e9sent\u00e9s \u00e0 la Direction du Parc et \u00e0 la Commission Permanente du Comit\u00e9 Directeur et ont \u00e9t\u00e9 approuv\u00e9s \u00e0 l\u2019unanimit\u00e9 par le Comit\u00e9 directeur le 13 f\u00e9vrier 2008.<\/p>\n<!--themify_builder_content-->\n<div id=\"themify_builder_content-67754\" data-postid=\"67754\" class=\"themify_builder_content themify_builder_content-67754 themify_builder tf_clear\">\n    <\/div>\n<!--\/themify_builder_content-->\n","protected":false},"excerpt":{"rendered":"<p>Le Montsant a \u00e9t\u00e9 consid\u00e9r\u00e9e sacr\u00e9e depuis des si\u00e8cles, comme l\u2019indique son nom catalan; ses valeurs religieuses \u00e9taient&#8230;<\/p>\n","protected":false},"author":21,"featured_media":77456,"comment_status":"closed","ping_status":"closed","sticky":false,"template":"","format":"standard","meta":{"_acf_changed":false,"footnotes":""},"categories":[131],"tags":[346,315,298,302],"class_list":["post-67754","post","type-post","status-publish","format-standard","has-post-thumbnail","hentry","category-actualites","tag-aires-protegees","tag-sites-sacres","tag-valeurs-culturels","tag-valeurs-spirituels","has-post-title","has-post-date","has-post-category","has-post-tag","has-post-comment","has-post-author",""],"acf":[],"_links":{"self":[{"href":"https:\/\/www.silene.ong\/fr\/wp-json\/wp\/v2\/posts\/67754","targetHints":{"allow":["GET"]}}],"collection":[{"href":"https:\/\/www.silene.ong\/fr\/wp-json\/wp\/v2\/posts"}],"about":[{"href":"https:\/\/www.silene.ong\/fr\/wp-json\/wp\/v2\/types\/post"}],"author":[{"embeddable":true,"href":"https:\/\/www.silene.ong\/fr\/wp-json\/wp\/v2\/users\/21"}],"replies":[{"embeddable":true,"href":"https:\/\/www.silene.ong\/fr\/wp-json\/wp\/v2\/comments?post=67754"}],"version-history":[{"count":3,"href":"https:\/\/www.silene.ong\/fr\/wp-json\/wp\/v2\/posts\/67754\/revisions"}],"predecessor-version":[{"id":90033,"href":"https:\/\/www.silene.ong\/fr\/wp-json\/wp\/v2\/posts\/67754\/revisions\/90033"}],"wp:featuredmedia":[{"embeddable":true,"href":"https:\/\/www.silene.ong\/fr\/wp-json\/wp\/v2\/media\/77456"}],"wp:attachment":[{"href":"https:\/\/www.silene.ong\/fr\/wp-json\/wp\/v2\/media?parent=67754"}],"wp:term":[{"taxonomy":"category","embeddable":true,"href":"https:\/\/www.silene.ong\/fr\/wp-json\/wp\/v2\/categories?post=67754"},{"taxonomy":"post_tag","embeddable":true,"href":"https:\/\/www.silene.ong\/fr\/wp-json\/wp\/v2\/tags?post=67754"}],"curies":[{"name":"wp","href":"https:\/\/api.w.org\/{rel}","templated":true}]}}