{"id":67774,"date":"2008-10-01T00:00:01","date_gmt":"2008-09-30T23:00:01","guid":{"rendered":"http:\/\/silene.idilicstudio.com\/?p=67774"},"modified":"2021-02-19T08:47:37","modified_gmt":"2021-02-19T07:47:37","slug":"atelier-linitiative-delos-au-congres-annuel-deuroparc-poiana-brasov-roumanie-2008","status":"publish","type":"post","link":"https:\/\/www.silene.ong\/fr\/actualites\/atelier-linitiative-delos-au-congres-annuel-deuroparc-poiana-brasov-roumanie-2008","title":{"rendered":"Atelier de l\u2019Initiative Delos au Congr\u00e8s Annuel d\u2019Europarc \u00e0 Transylvanie (Roumanie)"},"content":{"rendered":"<p>L\u2019Association Silene a envoy\u00e9 Josep-Maria Mallarach pour participer au nom de l\u2019Initiative Delos \u00e0 deux r\u00e9unions internationales qui ont eu lieu \u00e0 Poiana Brasov (Transylvanie, Roumanie), \u00e0 la fin du mois de septembre 2008 : la 1\u00e8re Conf\u00e9rence du r\u00e9seau d\u2019aires prot\u00e9g\u00e9es des Carpates, et le Congr\u00e8s de la F\u00e9d\u00e9ration d\u2019Europarc. Le motif des r\u00e9unions \u00e9tait de diriger plusieurs ateliers participatifs, qui se sont d\u00e9roul\u00e9s le 24, 25 et 27 septembre.<\/p>\n<p>Dans la\u00a0 1\u00e8re <a href=\"http:\/\/www.med-ina.org\/delos\/news-12.htm\" target=\"_blank\" rel=\"noopener\">Conf\u00e9rence du r\u00e9seau d\u2019aires prot\u00e9g\u00e9es des Carpates<\/a> l\u2019atelier de deux jours \u00e9taient ax\u00e9s sur l\u2019int\u00e9gration du patrimoine culturel immat\u00e9riel, la planification et la gestion des aires prot\u00e9g\u00e9es. Ils ont eu comme\u00a0 r\u00e9sultat\u00a0 une proposition strat\u00e9gique \u00e9labor\u00e9e d\u2019un commun accord par tous les participants. Cette proposition a \u00e9t\u00e9 adopt\u00e9e lors de la s\u00e9ance pl\u00e9ni\u00e8re de la Conf\u00e9rence et incorpor\u00e9e au plan de travail de a Convention des Carpates.<\/p>\n<p>Au cours du Congr\u00e8s annuel d\u2019Europarc, un atelier portant sur l\u2019<a href=\"http:\/\/www.med-ina.org\/delos\/news.htm\" target=\"_blank\" rel=\"noopener\">Initiative Delos<\/a> a \u00e9t\u00e9 coordonn\u00e9. L\u2019objectif principal \u00e9tait la pr\u00e9sentation de la m\u00e9thodologie\u00a0 propos\u00e9e par l\u2019Initiative Delos afin d\u2019encourager la coop\u00e9ration et les synergies positives entre les responsables du patrimoine naturel, culturel et spirituel des aires prot\u00e9g\u00e9es d\u2019Europe, en particulier celles, assez nombreuses, qui contiennent des valeurs spirituelles notables, moyennant une s\u00e9lection de cas d\u2019\u00e9tude li\u00e9s \u00e0 cette initiative. \u00c9galement, la possibilit\u00e9 d\u2019encourager un projet Interreg sur the sites naturels sacr\u00e9es dans des aires prot\u00e9g\u00e9es avec la participation de huit pays europ\u00e9ens a \u00e9t\u00e9 d\u00e9battue.<\/p>\n<!--themify_builder_content-->\n<div id=\"themify_builder_content-67774\" data-postid=\"67774\" class=\"themify_builder_content themify_builder_content-67774 themify_builder tf_clear\">\n    <\/div>\n<!--\/themify_builder_content-->\n","protected":false},"excerpt":{"rendered":"<p>L\u2019Association Silene a envoy\u00e9 Josep-Maria Mallarach pour participer au nom de l\u2019Initiative Delos \u00e0 deux r\u00e9unions internationales qui&#8230;<\/p>\n","protected":false},"author":21,"featured_media":76775,"comment_status":"closed","ping_status":"closed","sticky":false,"template":"","format":"standard","meta":{"_acf_changed":false,"footnotes":""},"categories":[131],"tags":[346,315,298],"class_list":["post-67774","post","type-post","status-publish","format-standard","has-post-thumbnail","hentry","category-actualites","tag-aires-protegees","tag-sites-sacres","tag-valeurs-culturels","has-post-title","has-post-date","has-post-category","has-post-tag","has-post-comment","has-post-author",""],"acf":[],"_links":{"self":[{"href":"https:\/\/www.silene.ong\/fr\/wp-json\/wp\/v2\/posts\/67774","targetHints":{"allow":["GET"]}}],"collection":[{"href":"https:\/\/www.silene.ong\/fr\/wp-json\/wp\/v2\/posts"}],"about":[{"href":"https:\/\/www.silene.ong\/fr\/wp-json\/wp\/v2\/types\/post"}],"author":[{"embeddable":true,"href":"https:\/\/www.silene.ong\/fr\/wp-json\/wp\/v2\/users\/21"}],"replies":[{"embeddable":true,"href":"https:\/\/www.silene.ong\/fr\/wp-json\/wp\/v2\/comments?post=67774"}],"version-history":[{"count":5,"href":"https:\/\/www.silene.ong\/fr\/wp-json\/wp\/v2\/posts\/67774\/revisions"}],"predecessor-version":[{"id":92079,"href":"https:\/\/www.silene.ong\/fr\/wp-json\/wp\/v2\/posts\/67774\/revisions\/92079"}],"wp:featuredmedia":[{"embeddable":true,"href":"https:\/\/www.silene.ong\/fr\/wp-json\/wp\/v2\/media\/76775"}],"wp:attachment":[{"href":"https:\/\/www.silene.ong\/fr\/wp-json\/wp\/v2\/media?parent=67774"}],"wp:term":[{"taxonomy":"category","embeddable":true,"href":"https:\/\/www.silene.ong\/fr\/wp-json\/wp\/v2\/categories?post=67774"},{"taxonomy":"post_tag","embeddable":true,"href":"https:\/\/www.silene.ong\/fr\/wp-json\/wp\/v2\/tags?post=67774"}],"curies":[{"name":"wp","href":"https:\/\/api.w.org\/{rel}","templated":true}]}}