{"id":67778,"date":"2008-10-28T00:00:01","date_gmt":"2008-10-27T22:00:01","guid":{"rendered":"http:\/\/silene.idilicstudio.com\/?p=67778"},"modified":"2021-02-20T09:51:19","modified_gmt":"2021-02-20T08:51:19","slug":"presentation-des-resultats-dune-recherche-autour-des-differents-concepts-nature-dans-le-cadre-du-congres-mondial-nature-luicn-espagne-2008","status":"publish","type":"post","link":"https:\/\/www.silene.ong\/fr\/actualites\/presentation-des-resultats-dune-recherche-autour-des-differents-concepts-nature-dans-le-cadre-du-congres-mondial-nature-luicn-espagne-2008","title":{"rendered":"Premi\u00e8re r\u00e9solution de l\u2019UICN qui demande instamment de reconna\u00eetre les diff\u00e9rents concepts et valeurs de la nature"},"content":{"rendered":"<p>Le travail que l\u2019Association Silene a promu sur les diff\u00e9rents concepts de\u00a0 la nature, dans le cadre d\u2019un \u00e9chantillon repr\u00e9sentatif des langues du monde, a donn\u00e9 lieu \u00e0 une proposition de motion sur ce sujet, pr\u00e9sent\u00e9e au Congr\u00e8s Mondial de la Nature de l\u2019UICN \u00e0 Barcelone, Catalogne.<\/p>\n<p>La motion, intitul\u00e9e \u00ab\u00a0Reconnaissance de la diversit\u00e9 des concepts et des valeurs de la nature\u00a0\u00bb, a \u00e9t\u00e9 pr\u00e9sent\u00e9e par la Task Force de Valeurs Culturelles et Spirituelles des Aires Prot\u00e9g\u00e9es, de la Commission Mondiale d\u2019Aires Prot\u00e9g\u00e9es, avec le parrainage de DEPANA, de la Fondation Caixa Catalunya et de Savia.<\/p>\n<p>Apr\u00e8s plusieurs d\u00e9bats dans lesquels elle a compt\u00e9 avec le support du Groupe de specialistes en \u00e9thique de la Commission de Droit de l\u2019Environnement de la UICN, The Wild Foudation et Parks Canada parmi d\u2019autres,\u00a0 cette motion a\u00a0 \u00e9t\u00e9 approuv\u00e9 avec presque un 90% de suffrages favorables lors de la derni\u00e8re session du Congr\u00e8s, le 14 octobre\u00a0 2008.<\/p>\n<hr \/>\n<p><strong>Motions individuelles \u2013 UICN:\u00a0<\/strong><a href=\"http:\/\/www.iucn.org\/fr\/congress_fr\/assemblee_membres\/motions\/index.cfm\" target=\"_blank\" rel=\"noopener\">http:\/\/www.iucn.org\/fr\/congress_fr\/assemblee_membres\/motions\/index.cfm<\/a><\/p>\n<hr \/>\n<!--themify_builder_content-->\n<div id=\"themify_builder_content-67778\" data-postid=\"67778\" class=\"themify_builder_content themify_builder_content-67778 themify_builder tf_clear\">\n    <\/div>\n<!--\/themify_builder_content-->\n","protected":false},"excerpt":{"rendered":"<p>Le travail que l\u2019Association Silene a promu sur les diff\u00e9rents concepts de\u00a0 la nature, dans le cadre d\u2019un&#8230;<\/p>\n","protected":false},"author":21,"featured_media":76687,"comment_status":"closed","ping_status":"closed","sticky":false,"template":"","format":"standard","meta":{"_acf_changed":false,"footnotes":""},"categories":[131],"tags":[256,259,288],"class_list":["post-67778","post","type-post","status-publish","format-standard","has-post-thumbnail","hentry","category-actualites","tag-conservation-fr","tag-cosmovision-fr","tag-patrimoine","has-post-title","has-post-date","has-post-category","has-post-tag","has-post-comment","has-post-author",""],"acf":[],"_links":{"self":[{"href":"https:\/\/www.silene.ong\/fr\/wp-json\/wp\/v2\/posts\/67778","targetHints":{"allow":["GET"]}}],"collection":[{"href":"https:\/\/www.silene.ong\/fr\/wp-json\/wp\/v2\/posts"}],"about":[{"href":"https:\/\/www.silene.ong\/fr\/wp-json\/wp\/v2\/types\/post"}],"author":[{"embeddable":true,"href":"https:\/\/www.silene.ong\/fr\/wp-json\/wp\/v2\/users\/21"}],"replies":[{"embeddable":true,"href":"https:\/\/www.silene.ong\/fr\/wp-json\/wp\/v2\/comments?post=67778"}],"version-history":[{"count":5,"href":"https:\/\/www.silene.ong\/fr\/wp-json\/wp\/v2\/posts\/67778\/revisions"}],"predecessor-version":[{"id":94102,"href":"https:\/\/www.silene.ong\/fr\/wp-json\/wp\/v2\/posts\/67778\/revisions\/94102"}],"wp:featuredmedia":[{"embeddable":true,"href":"https:\/\/www.silene.ong\/fr\/wp-json\/wp\/v2\/media\/76687"}],"wp:attachment":[{"href":"https:\/\/www.silene.ong\/fr\/wp-json\/wp\/v2\/media?parent=67778"}],"wp:term":[{"taxonomy":"category","embeddable":true,"href":"https:\/\/www.silene.ong\/fr\/wp-json\/wp\/v2\/categories?post=67778"},{"taxonomy":"post_tag","embeddable":true,"href":"https:\/\/www.silene.ong\/fr\/wp-json\/wp\/v2\/tags?post=67778"}],"curies":[{"name":"wp","href":"https:\/\/api.w.org\/{rel}","templated":true}]}}