{"id":67817,"date":"2010-05-01T00:00:01","date_gmt":"2010-04-30T23:00:01","guid":{"rendered":"http:\/\/silene.idilicstudio.com\/?p=67817"},"modified":"2021-02-21T08:30:07","modified_gmt":"2021-02-21T07:30:07","slug":"atelier-transdisciplinaire-sur-lesthethique-dans-le-changement-environnement-hiddensee-allemagne-mai-2010","status":"publish","type":"post","link":"https:\/\/www.silene.ong\/fr\/actualites\/atelier-transdisciplinaire-sur-lesthethique-dans-le-changement-environnement-hiddensee-allemagne-mai-2010","title":{"rendered":"Atelier transdisciplinaire sur l\u2019esth\u00e9tique et l&rsquo;\u00e9thique dans le changement de l&rsquo;environnement"},"content":{"rendered":"<p>Un atelier transdisciplinaire sur le esth\/\u00e9thique dans le changement de l\u2019environnement a \u00e9t\u00e9 organis\u00e9 par le Forum europ\u00e9en pour l&rsquo;\u00e9tude de la religion et de l&rsquo;environnement, Sciences de la\u00a0 religion, de l\u2019Universit\u00e9 norv\u00e9gienne de Science et Technologie de Trondheim et de la Station biologique et le D\u00e9partement d\u2019Ethique de l&rsquo;environnement \u00e0 l&rsquo;Universit\u00e9 de Greifswald, en Hiddensee (Allemagne), du 24 \u00e0 28 mai 2010.\u00a0 De nombreuses questions ont \u00e9t\u00e9 abord\u00e9es dans l\u2019atelier, parmi lesquelles: Comment les arts peuvent \u00e9largir notre perception de la nature? Comment relier l&rsquo;esth\u00e9tique et l&rsquo;\u00e9thique avec les habitats, les lieux et les espaces? Peuvent-ils \u00eatre int\u00e9gr\u00e9s dans un seul \u00absyst\u00e8me int\u00e9gr\u00e9 \u00e9thique-esth\u00e9tique\u00bb? Est-ce que cette vision peut \u00eatre int\u00e9gr\u00e9e dans les objectifs de conservation de la nature? Comment et o\u00f9 chercher, trouver et exprimer le sacr\u00e9 dans la nature? Quel est l&rsquo;effet de la vision du monde, les valeurs, les rituels, les croyances et les id\u00e9ologies sur l&rsquo;\u00e9cologie humaine? Comment l\u2019esth\u00e9tique, l&rsquo;\u00e9thique, la religion et l&rsquo;\u00e9cologie contemporaines peuvent aller au-del\u00e0 des modes politiques de protection de l&rsquo;environnement? Comment pourrait-on catalyser une science de l\u2019environnement vraiment interdisciplinaire?&gt;&gt; Programme de l&rsquo;<a href=\"http:\/\/www.sustainablepractice.org\/2010\/02\/aesthethics-in-environmental-change-transdisciplinary-workshop-may-2010-germany\/\" target=\"_blank\" rel=\"noopener\">atelier<\/a><\/p>\n<!--themify_builder_content-->\n<div id=\"themify_builder_content-67817\" data-postid=\"67817\" class=\"themify_builder_content themify_builder_content-67817 themify_builder tf_clear\">\n    <\/div>\n<!--\/themify_builder_content-->\n","protected":false},"excerpt":{"rendered":"<p>Un atelier transdisciplinaire sur le esth\/\u00e9thique dans le changement de l\u2019environnement a \u00e9t\u00e9 organis\u00e9 par le Forum europ\u00e9en&#8230;<\/p>\n","protected":false},"author":21,"featured_media":78375,"comment_status":"closed","ping_status":"closed","sticky":false,"template":"","format":"standard","meta":{"_acf_changed":false,"footnotes":""},"categories":[131],"tags":[378,256,277],"class_list":["post-67817","post","type-post","status-publish","format-standard","has-post-thumbnail","hentry","category-actualites","tag-art-fr","tag-conservation-fr","tag-ethique","has-post-title","has-post-date","has-post-category","has-post-tag","has-post-comment","has-post-author",""],"acf":[],"_links":{"self":[{"href":"https:\/\/www.silene.ong\/fr\/wp-json\/wp\/v2\/posts\/67817","targetHints":{"allow":["GET"]}}],"collection":[{"href":"https:\/\/www.silene.ong\/fr\/wp-json\/wp\/v2\/posts"}],"about":[{"href":"https:\/\/www.silene.ong\/fr\/wp-json\/wp\/v2\/types\/post"}],"author":[{"embeddable":true,"href":"https:\/\/www.silene.ong\/fr\/wp-json\/wp\/v2\/users\/21"}],"replies":[{"embeddable":true,"href":"https:\/\/www.silene.ong\/fr\/wp-json\/wp\/v2\/comments?post=67817"}],"version-history":[{"count":2,"href":"https:\/\/www.silene.ong\/fr\/wp-json\/wp\/v2\/posts\/67817\/revisions"}],"predecessor-version":[{"id":90143,"href":"https:\/\/www.silene.ong\/fr\/wp-json\/wp\/v2\/posts\/67817\/revisions\/90143"}],"wp:featuredmedia":[{"embeddable":true,"href":"https:\/\/www.silene.ong\/fr\/wp-json\/wp\/v2\/media\/78375"}],"wp:attachment":[{"href":"https:\/\/www.silene.ong\/fr\/wp-json\/wp\/v2\/media?parent=67817"}],"wp:term":[{"taxonomy":"category","embeddable":true,"href":"https:\/\/www.silene.ong\/fr\/wp-json\/wp\/v2\/categories?post=67817"},{"taxonomy":"post_tag","embeddable":true,"href":"https:\/\/www.silene.ong\/fr\/wp-json\/wp\/v2\/tags?post=67817"}],"curies":[{"name":"wp","href":"https:\/\/api.w.org\/{rel}","templated":true}]}}