{"id":67834,"date":"2010-09-02T00:00:01","date_gmt":"2010-09-01T22:00:01","guid":{"rendered":"http:\/\/silene.idilicstudio.com\/?p=67834"},"modified":"2021-02-19T10:22:11","modified_gmt":"2021-02-19T09:22:11","slug":"atelier-sur-les-sites-naturels-sacres-diversite-bio-culturelle-et-le-changement-climatique-dans-himalaya-oriental-2010","status":"publish","type":"post","link":"https:\/\/www.silene.ong\/fr\/actualites\/atelier-sur-les-sites-naturels-sacres-diversite-bio-culturelle-et-le-changement-climatique-dans-himalaya-oriental-2010","title":{"rendered":"Atelier sur les sites naturels sacr\u00e9s, la diversit\u00e9 bio-culturelle et le changement climatique dans l&rsquo;Himalaya oriental"},"content":{"rendered":"<p>Le World Wildlife Fund (WWF) et son <a href=\"http:\/\/wwf.panda.org\/what_we_do\/where_we_work\/eastern_himalaya\/\" target=\"_blank\" rel=\"noopener\">Living Himalayas Initiative<\/a> ont organis\u00e9 un atelier sur \u00ab\u00a0Les sites naturels sacr\u00e9s, la diversit\u00e9 bio-culturelle et le changement climatique dans l&rsquo;Himalaya oriental.\u00a0\u00bbL&rsquo;atelier est consid\u00e9r\u00e9 comme une premi\u00e8re \u00e9tape pour r\u00e9unir un groupe de chercheurs, de chefs religieux, de repr\u00e9sentants d\u2019organismes gouvernementaux, de gestionnaires et d\u2019\u00e9cologistes de la r\u00e9gion afin d&rsquo;examiner ensemble ces probl\u00e8mes et commencer \u00e0 initier des actions.<\/p>\n<p>L&rsquo;atelier avait trois objectifs principaux: Documenter les sites naturels sacr\u00e9s de l&rsquo;Himalaya oriental (Bhoutan, Inde et N\u00e9pal) et \u00e9valuer son importance pour la conservation de la diversit\u00e9 bio-culturelle dans la r\u00e9gion; associer les organisations religieuses dans des actions de conservation sp\u00e9cifiques; et examiner les menaces croissantes et les besoins d&rsquo;adaptation des communaut\u00e9s religieuses\u00a0 face \u00e0 des conditions climatiques en rapide changement.<\/p>\n<p>Des plus amples renseignements: <a href=\"http:\/\/wwf.panda.org\/wwf_news\/news\/?uNewsID=193304\" target=\"_blank\" rel=\"noopener\">http:\/\/wwf.panda.org\/wwf_news\/news\/?uNewsID=193304<\/a><\/p>\n<!--themify_builder_content-->\n<div id=\"themify_builder_content-67834\" data-postid=\"67834\" class=\"themify_builder_content themify_builder_content-67834 themify_builder tf_clear\">\n    <\/div>\n<!--\/themify_builder_content-->\n","protected":false},"excerpt":{"rendered":"<p>Le World Wildlife Fund (WWF) et son Living Himalayas Initiative ont organis\u00e9 un atelier sur \u00ab\u00a0Les sites naturels&#8230;<\/p>\n","protected":false},"author":21,"featured_media":77522,"comment_status":"closed","ping_status":"closed","sticky":false,"template":"","format":"standard","meta":{"_acf_changed":false,"footnotes":""},"categories":[131],"tags":[242,256,315,298],"class_list":["post-67834","post","type-post","status-publish","format-standard","has-post-thumbnail","hentry","category-actualites","tag-changement-climatique","tag-conservation-fr","tag-sites-sacres","tag-valeurs-culturels","has-post-title","has-post-date","has-post-category","has-post-tag","has-post-comment","has-post-author",""],"acf":[],"_links":{"self":[{"href":"https:\/\/www.silene.ong\/fr\/wp-json\/wp\/v2\/posts\/67834","targetHints":{"allow":["GET"]}}],"collection":[{"href":"https:\/\/www.silene.ong\/fr\/wp-json\/wp\/v2\/posts"}],"about":[{"href":"https:\/\/www.silene.ong\/fr\/wp-json\/wp\/v2\/types\/post"}],"author":[{"embeddable":true,"href":"https:\/\/www.silene.ong\/fr\/wp-json\/wp\/v2\/users\/21"}],"replies":[{"embeddable":true,"href":"https:\/\/www.silene.ong\/fr\/wp-json\/wp\/v2\/comments?post=67834"}],"version-history":[{"count":4,"href":"https:\/\/www.silene.ong\/fr\/wp-json\/wp\/v2\/posts\/67834\/revisions"}],"predecessor-version":[{"id":89405,"href":"https:\/\/www.silene.ong\/fr\/wp-json\/wp\/v2\/posts\/67834\/revisions\/89405"}],"wp:featuredmedia":[{"embeddable":true,"href":"https:\/\/www.silene.ong\/fr\/wp-json\/wp\/v2\/media\/77522"}],"wp:attachment":[{"href":"https:\/\/www.silene.ong\/fr\/wp-json\/wp\/v2\/media?parent=67834"}],"wp:term":[{"taxonomy":"category","embeddable":true,"href":"https:\/\/www.silene.ong\/fr\/wp-json\/wp\/v2\/categories?post=67834"},{"taxonomy":"post_tag","embeddable":true,"href":"https:\/\/www.silene.ong\/fr\/wp-json\/wp\/v2\/tags?post=67834"}],"curies":[{"name":"wp","href":"https:\/\/api.w.org\/{rel}","templated":true}]}}