{"id":67902,"date":"2012-01-26T00:00:01","date_gmt":"2012-01-25T22:00:01","guid":{"rendered":"http:\/\/silene.idilicstudio.com\/?p=67902"},"modified":"2019-12-18T16:35:04","modified_gmt":"2019-12-18T15:35:04","slug":"journee-travail-sur-le-patrimoine-immateriel-arbucies-catalogne-espagne-le-14-fevrier-2012","status":"publish","type":"post","link":"https:\/\/www.silene.ong\/fr\/actualites\/journee-travail-sur-le-patrimoine-immateriel-arbucies-catalogne-espagne-le-14-fevrier-2012","title":{"rendered":"Journ\u00e9e de travail sur les invenatires et les application du patrimoine immat\u00e9riel, \u00e0 Arb\u00facies"},"content":{"rendered":"<p>Le R\u00e9seau des mus\u00e9es d&rsquo;ethnologie de Catalogne organise une journ\u00e9e de travail sur le <em>Patrimoine immat\u00e9riel. Exp\u00e9rience dans la m\u00e9thodologie d&rsquo;inventaire, de recherche et d&rsquo;applications<\/em>. Elle\u00a0 aura lieu le 14 F\u00e9vrier au Mus\u00e9e d&rsquo;ethnologie du Montseny &#8211; La Gabella, dans la ville d&rsquo;Arb\u00facies, en Catalogne.<\/p>\n<p>A cette\u00a0 journ\u00e9e\u00a0 participeront des experts de quatorze organisations et organismes, dont beaucoup d\u2019entre eux sont attach\u00e9s a des aires naturelles prot\u00e9g\u00e9es. Josep-Maria Mallarach, pr\u00e9sident de l\u2019Association Silene, fera une pr\u00e9sentation intitul\u00e9e <em>Manuel pour int\u00e9grer le patrimoine immat\u00e9riel dans les aires naturelles prot\u00e9g\u00e9es de l&rsquo;Espagne<\/em>.<em> Objectifs, structure et processus.<\/em><\/p>\n","protected":false},"excerpt":{"rendered":"<p>Le R\u00e9seau des mus\u00e9es d&rsquo;ethnologie de Catalogne organise une journ\u00e9e de travail sur le Patrimoine immat\u00e9riel. Exp\u00e9rience dans&#8230;<\/p>\n","protected":false},"author":21,"featured_media":73460,"comment_status":"closed","ping_status":"closed","sticky":false,"template":"","format":"standard","meta":{"_acf_changed":false,"footnotes":""},"categories":[131],"tags":[256,288,387],"class_list":["post-67902","post","type-post","status-publish","format-standard","has-post-thumbnail","hentry","category-actualites","tag-conservation-fr","tag-patrimoine","tag-savoir-traditionelle","has-post-title","has-post-date","has-post-category","has-post-tag","has-post-comment","has-post-author",""],"acf":[],"_links":{"self":[{"href":"https:\/\/www.silene.ong\/fr\/wp-json\/wp\/v2\/posts\/67902","targetHints":{"allow":["GET"]}}],"collection":[{"href":"https:\/\/www.silene.ong\/fr\/wp-json\/wp\/v2\/posts"}],"about":[{"href":"https:\/\/www.silene.ong\/fr\/wp-json\/wp\/v2\/types\/post"}],"author":[{"embeddable":true,"href":"https:\/\/www.silene.ong\/fr\/wp-json\/wp\/v2\/users\/21"}],"replies":[{"embeddable":true,"href":"https:\/\/www.silene.ong\/fr\/wp-json\/wp\/v2\/comments?post=67902"}],"version-history":[{"count":1,"href":"https:\/\/www.silene.ong\/fr\/wp-json\/wp\/v2\/posts\/67902\/revisions"}],"predecessor-version":[{"id":93037,"href":"https:\/\/www.silene.ong\/fr\/wp-json\/wp\/v2\/posts\/67902\/revisions\/93037"}],"wp:featuredmedia":[{"embeddable":true,"href":"https:\/\/www.silene.ong\/fr\/wp-json\/"}],"wp:attachment":[{"href":"https:\/\/www.silene.ong\/fr\/wp-json\/wp\/v2\/media?parent=67902"}],"wp:term":[{"taxonomy":"category","embeddable":true,"href":"https:\/\/www.silene.ong\/fr\/wp-json\/wp\/v2\/categories?post=67902"},{"taxonomy":"post_tag","embeddable":true,"href":"https:\/\/www.silene.ong\/fr\/wp-json\/wp\/v2\/tags?post=67902"}],"curies":[{"name":"wp","href":"https:\/\/api.w.org\/{rel}","templated":true}]}}