{"id":67913,"date":"2012-04-10T00:00:01","date_gmt":"2012-04-09T22:00:01","guid":{"rendered":"http:\/\/silene.idilicstudio.com\/?p=67913"},"modified":"2021-02-19T08:38:30","modified_gmt":"2021-02-19T07:38:30","slug":"publication-du-proces-verbal-du-troisieme-atelier-initiative-delos-les-lieux-sacres-naturels-europe-ont-besoin-reconnaissance-avril-2012","status":"publish","type":"post","link":"https:\/\/www.silene.ong\/fr\/actualites\/publication-du-proces-verbal-du-troisieme-atelier-initiative-delos-les-lieux-sacres-naturels-europe-ont-besoin-reconnaissance-avril-2012","title":{"rendered":"Comptes-rendus du troisi\u00e8me atelier de l&rsquo;Initiative Delos: Diversit\u00e9 de terres sacr\u00e9es en Europe"},"content":{"rendered":"<p>Les sites naturels sacr\u00e9s ont des valeurs spirituelles et des biens intangibles qui\u00a0 restent souvent cach\u00e9s dans le monde moderne. Le livre \u00ab La diversit\u00e9 des terres sacr\u00e9es de l&rsquo;Europe\u00bb d\u00e9crit de nombreux sanctuaires naturels qui se trouvent dans les parcs et d\u2019autres espaces naturels prot\u00e9g\u00e9s en Europe. Certains lieux saints des grandes religions sont bien connus, d&rsquo;autres ont un acc\u00e8s limit\u00e9, notamment dans les terres monastiques, et d&rsquo;autres encore ont une importance particuli\u00e8re pour les peuples indig\u00e8nes.<\/p>\n<p>Ce livre est une bonne lecture pour quiconque s&rsquo;int\u00e9resse\u00a0 aux valeurs intangibles des zones naturelles. Il est particuli\u00e8rement utile pour les gestionnaires de nombreux espaces naturels prot\u00e9g\u00e9s de l&rsquo;Europe.\u00a0 Il pr\u00eate\u00a0 une attention particuli\u00e8re aux lieux sacr\u00e9s de l\u2019unique peuple indig\u00e8ne\u00a0 d&rsquo;Europe, le peuple Sami, qui habite \u00e9parpill\u00e9 dans\u00a0 le nord de la Finlande, la Su\u00e8de, la Norv\u00e8ge et le nord-ouest de la Russie.<\/p>\n<p>Le livre examine non seulement les menaces que les sites naturels sacr\u00e9s subissent dans de nombreuses r\u00e9gions d&rsquo;Europe (tels que la reconnaissance limit\u00e9e des valeurs spirituels, la pression exerc\u00e9e par les visiteurs,\u00a0 l\u2019am\u00e9nagement et l&rsquo;impact des initiatives de d\u00e9veloppement insensibles), mais aussi la fa\u00e7on de r\u00e9soudre les probl\u00e8mes soulev\u00e9s.\u00a0 Il contient une collection d&rsquo;articles d&rsquo;auteurs qui ont particip\u00e9 au troisi\u00e8me atelier de l&rsquo;Initiative Delos \u00e0 Inari \/ Aanaar en Finlande en 2010, -en provenance de plus d&rsquo;une douzaine de pays-, d\u00e9crivant des sites naturels sacr\u00e9s en Albanie, Bulgarie, Estonie, Finlande, Gr\u00e8ce, Italie, Lettonie, Lituanie, Norv\u00e8ge, Pologne, R\u00e9publique Tch\u00e8que, Royaume-Uni, Roumanie, Russie, Serbie, Slovaquie, et Turquie.<\/p>\n<p>Les coordinateurs de la publication sont Josep-Maria Mallarach, Thymio Papayannis et Rauno V\u00e4is\u00e4nen. Le prologue est de Mngr. Kari M\u00e4kinen, archev\u00eaque de Finlande. Le livre a \u00e9t\u00e9 publi\u00e9 par l&rsquo;UICN et Mets\u00e4hallitus, le Service du Patrimoine Naturel\u00a0 de la Finlande, et financ\u00e9 par le minist\u00e8re finlandais de l&rsquo;Environnement.<\/p>\n<p><strong>Titre<\/strong>: The Diversity of Sacred Lands in Europe: Proceedings of the Third Workshop of the Delos Initiative &#8211; Inari\/Aanaar 2010. ISBN 978-2-8317-1423-3.<\/p>\n<p><strong>Acheter un exemplaire en ligne: <\/strong>Island Press UICN membres (<a href=\"http:\/\/www.islandpress.com\" target=\"_blank\" rel=\"noopener\">www.islandpress.com<\/a>)<\/p>\n<p><strong>Contacts<br \/>\n<\/strong>Josep-Maria Mallarach (<a href=\"mailto:mallarach@silene.es\" target=\"_blank\" rel=\"noopener\">mallarach@silene.ong<\/a>)<br \/>\nThymio Papayannis (<a href=\"mailto:thymiop@medina.org\" target=\"_blank\" rel=\"noopener\">thymiop@medina.org<\/a>)<br \/>\nDelos Initiative: <a href=\"http:\/\/www.education-ina.org\" target=\"_blank\" rel=\"noopener\">www.education-ina.org<\/a> et <a href=\"http:\/\/www.silene.es\" target=\"_blank\" rel=\"noopener\">www.silene.ong<\/a><br \/>\nR\u00e9dacteurs: <a href=\"http:\/\/www.iucn.org\" target=\"_blank\" rel=\"noopener\">www.iucn.org<\/a> et <a href=\"http:\/\/www.metsa.fi\" target=\"_blank\" rel=\"noopener\">www.metsa.fi<\/a><\/p>\n<!--themify_builder_content-->\n<div id=\"themify_builder_content-67913\" data-postid=\"67913\" class=\"themify_builder_content themify_builder_content-67913 themify_builder tf_clear\">\n    <\/div>\n<!--\/themify_builder_content-->\n","protected":false},"excerpt":{"rendered":"<p>Les sites naturels sacr\u00e9s ont des valeurs spirituelles et des biens intangibles qui\u00a0 restent souvent cach\u00e9s dans le&#8230;<\/p>\n","protected":false},"author":21,"featured_media":78353,"comment_status":"closed","ping_status":"closed","sticky":false,"template":"","format":"standard","meta":{"_acf_changed":false,"footnotes":""},"categories":[131],"tags":[346,315],"class_list":["post-67913","post","type-post","status-publish","format-standard","has-post-thumbnail","hentry","category-actualites","tag-aires-protegees","tag-sites-sacres","has-post-title","has-post-date","has-post-category","has-post-tag","has-post-comment","has-post-author",""],"acf":[],"_links":{"self":[{"href":"https:\/\/www.silene.ong\/fr\/wp-json\/wp\/v2\/posts\/67913","targetHints":{"allow":["GET"]}}],"collection":[{"href":"https:\/\/www.silene.ong\/fr\/wp-json\/wp\/v2\/posts"}],"about":[{"href":"https:\/\/www.silene.ong\/fr\/wp-json\/wp\/v2\/types\/post"}],"author":[{"embeddable":true,"href":"https:\/\/www.silene.ong\/fr\/wp-json\/wp\/v2\/users\/21"}],"replies":[{"embeddable":true,"href":"https:\/\/www.silene.ong\/fr\/wp-json\/wp\/v2\/comments?post=67913"}],"version-history":[{"count":6,"href":"https:\/\/www.silene.ong\/fr\/wp-json\/wp\/v2\/posts\/67913\/revisions"}],"predecessor-version":[{"id":89288,"href":"https:\/\/www.silene.ong\/fr\/wp-json\/wp\/v2\/posts\/67913\/revisions\/89288"}],"wp:featuredmedia":[{"embeddable":true,"href":"https:\/\/www.silene.ong\/fr\/wp-json\/wp\/v2\/media\/78353"}],"wp:attachment":[{"href":"https:\/\/www.silene.ong\/fr\/wp-json\/wp\/v2\/media?parent=67913"}],"wp:term":[{"taxonomy":"category","embeddable":true,"href":"https:\/\/www.silene.ong\/fr\/wp-json\/wp\/v2\/categories?post=67913"},{"taxonomy":"post_tag","embeddable":true,"href":"https:\/\/www.silene.ong\/fr\/wp-json\/wp\/v2\/tags?post=67913"}],"curies":[{"name":"wp","href":"https:\/\/api.w.org\/{rel}","templated":true}]}}