{"id":68051,"date":"2013-10-29T00:00:01","date_gmt":"2013-10-28T22:00:01","guid":{"rendered":"http:\/\/silene.idilicstudio.com\/?p=68051"},"modified":"2021-02-19T07:26:46","modified_gmt":"2021-02-19T06:26:46","slug":"i-forum-espiritualitat-cova-pare-palau-la-sacralitat-natura-aitona-segria-11-al-13-octubre-2013","status":"publish","type":"post","link":"https:\/\/www.silene.ong\/fr\/noticies\/i-forum-espiritualitat-cova-pare-palau-la-sacralitat-natura-aitona-segria-11-al-13-octubre-2013","title":{"rendered":"I F\u00f2rum d&rsquo;Espiritualitat a la Cova del Pare Palau: \u201cLa Sacralitat de la natura\u201d"},"content":{"rendered":"<p>El 1er F\u00f2rum d&rsquo;Espiritualitat a la Cova del Pare Palau es va dur a terme a la sala d&rsquo;actes del recinte de la Cova del Pare Palau, situat prop del poble d&rsquo;Aitona (Segri\u00e0) i va tractar el tema de <i>\u201cLa sacralitat de la Natura<\/i>\u201d.<\/p>\n<p>La Cova del Pare Palau \u00e9s una balma murada, arrecerada en un fondal tributari del riu Segre, en un paisatge estepari, on va comen\u00e7ar la seva vida erem\u00edtica el m\u00edstic Francesc Palau (1811-1872), fundador de la congregaci\u00f3 dels Carmelites descal\u00e7os terciaris. La congregaci\u00f3 de les Carmelites missioneres teresianes custodia i t\u00e9 cura d&rsquo;aquest lloc sant fins el dia d&rsquo;avui.<\/p>\n<p>El <a href=\"http:\/\/foroscuevapadrepalau.blogspot.com.es\/p\/programa.html\" target=\"_blank\" rel=\"noopener\">programa <\/a>del F\u00f2rum constava de les pon\u00e8ncies seg\u00fcents: \u201c<i>La Natura com a teofania i la import\u00e0ncia dels llocs naturals sagrats<\/i>\u201d de Josep M. Mallarach; \u201c<i>La natura com a manifestaci\u00f3 del sagrat en les diverses tradicions religioses<\/i>\u201d de Xavier Melloni; \u201c<i>La Cova, espai de gestaci\u00f3 Cr\u00edstica<\/i>\u201d de Mireya Hern\u00e1ndez \u00c0vila; \u201c<i>La natura, mirall on D\u00e9u es mira<\/i>\u201d, de Fernanda Villanueva; \u201c<i>Testimoni d&rsquo;una ermitana que escolta i apr\u00e8n de la natura<\/i>\u201d de Maria Montserrat Domingo.<\/p>\n<p>El dissabte es va fer una passejada contemplativa entorn de la Cova, guiada per Carme Mora Corderroure. El diumenge al mat\u00ed, despr\u00e9s de l\u2019eucaristia, presidida pel jesu\u00efta Xavier Melloni, hi va haver la taula rodona, amb tots els ponents, amb l\u2019activa intervenci\u00f3 de nombrosos participants.<\/p>\n<p>El F\u00f2rum va oferir dues actuacions musicals, a c\u00e0rrec del grup Sons de Pau, de l\u2019arpista Berta Puigdemassa, i un acte final de m\u00fasica i dansa amb la ballarina Pili Buxeda acompanyada per Sons de Pau.<\/p>\n<p>A la <a href=\"http:\/\/foroscuevapadrepalau.blogspot.com.es\/\" target=\"_blank\" rel=\"noopener\">web del F\u00f2rum<\/a> es poden descarregar les pon\u00e8ncies o visulaitzar els v\u00eddeos que s&rsquo;hi varen presentar.<\/p>\n<!--themify_builder_content-->\n<div id=\"themify_builder_content-68051\" data-postid=\"68051\" class=\"themify_builder_content themify_builder_content-68051 themify_builder tf_clear\">\n    <\/div>\n<!--\/themify_builder_content-->\n","protected":false},"excerpt":{"rendered":"<p>El 1er F\u00f2rum d&rsquo;Espiritualitat a la Cova del Pare Palau es va dur a terme a la sala&#8230;<\/p>\n","protected":false},"author":21,"featured_media":68048,"comment_status":"closed","ping_status":"closed","sticky":false,"template":"","format":"standard","meta":{"_acf_changed":false,"footnotes":""},"categories":[85],"tags":[221,299],"class_list":["post-68051","post","type-post","status-publish","format-standard","has-post-thumbnail","hentry","category-noticies","tag-cosmovisio","tag-valors-espirituals","has-post-title","has-post-date","has-post-category","has-post-tag","has-post-comment","has-post-author",""],"acf":[],"_links":{"self":[{"href":"https:\/\/www.silene.ong\/fr\/wp-json\/wp\/v2\/posts\/68051","targetHints":{"allow":["GET"]}}],"collection":[{"href":"https:\/\/www.silene.ong\/fr\/wp-json\/wp\/v2\/posts"}],"about":[{"href":"https:\/\/www.silene.ong\/fr\/wp-json\/wp\/v2\/types\/post"}],"author":[{"embeddable":true,"href":"https:\/\/www.silene.ong\/fr\/wp-json\/wp\/v2\/users\/21"}],"replies":[{"embeddable":true,"href":"https:\/\/www.silene.ong\/fr\/wp-json\/wp\/v2\/comments?post=68051"}],"version-history":[{"count":4,"href":"https:\/\/www.silene.ong\/fr\/wp-json\/wp\/v2\/posts\/68051\/revisions"}],"predecessor-version":[{"id":78533,"href":"https:\/\/www.silene.ong\/fr\/wp-json\/wp\/v2\/posts\/68051\/revisions\/78533"}],"wp:featuredmedia":[{"embeddable":true,"href":"https:\/\/www.silene.ong\/fr\/wp-json\/wp\/v2\/media\/68048"}],"wp:attachment":[{"href":"https:\/\/www.silene.ong\/fr\/wp-json\/wp\/v2\/media?parent=68051"}],"wp:term":[{"taxonomy":"category","embeddable":true,"href":"https:\/\/www.silene.ong\/fr\/wp-json\/wp\/v2\/categories?post=68051"},{"taxonomy":"post_tag","embeddable":true,"href":"https:\/\/www.silene.ong\/fr\/wp-json\/wp\/v2\/tags?post=68051"}],"curies":[{"name":"wp","href":"https:\/\/api.w.org\/{rel}","templated":true}]}}