{"id":77121,"date":"2018-09-13T15:30:46","date_gmt":"2018-09-13T14:30:46","guid":{"rendered":"https:\/\/www.silene.ong\/non-classifiee\/rencontre-christianisme-orthodoxe-francais-et-ecologie"},"modified":"2021-02-19T08:43:44","modified_gmt":"2021-02-19T07:43:44","slug":"rencontre-christianisme-orthodoxe-francais-et-ecologie","status":"publish","type":"post","link":"https:\/\/www.silene.ong\/fr\/actualites\/rencontre-christianisme-orthodoxe-francais-et-ecologie","title":{"rendered":"Rencontre Christianisme orthodoxe fran\u00e7ais et \u00e9cologie"},"content":{"rendered":"<p class=\"western\" lang=\"fr-FR\">En organisant la rencontre \u00ab Christianisme et Ecologie \u00bb, l\u2019Eglise Orthodoxe Fran\u00e7aise a souhait\u00e9 inaugurer le chemin d\u2019incarnation du projet \u00e9cologique qu\u2019elle porte en son sein depuis des ann\u00e9es. Ce chemin est au service de la grande \u00ab P\u00e2que des Nations \u00bb (Passage ou Transition) dans laquelle l\u2019humanit\u00e9 semble d\u00e9sormais entr\u00e9e.<\/p>\n<p class=\"western\" lang=\"fr-FR\">La rencontre propos\u00e9e \u00e0 l\u2019occasion de la f\u00eate du Saint Archange Michel souhaite pr\u00e9ciser quelques facettes de la vision \u00e9cologique globale qui pr\u00e9side \u00e0 la cr\u00e9ation de l\u2019\u00ab<a href=\"https:\/\/www.sources-vivre-relie.org\/centre\/reseau-des-ecosites-sacres\/199.aspx\" target=\"_blank\" rel=\"noopener\"> \u00e9cosite sacr\u00e9<\/a> \u00bb en Christ, pressenti au monast\u00e8re de Saint-Michel du Var : mise en lumi\u00e8re des fondements th\u00e9ologiques du Christianisme Orthodoxe, promotion de la conversion \u00e9cologique du lieu et de nos comportements, appel \u00e0 un profond travail de transformation int\u00e9rieure.<\/p>\n<p lang=\"fr-FR\">\n<!--themify_builder_content-->\n<div id=\"themify_builder_content-77121\" data-postid=\"77121\" class=\"themify_builder_content themify_builder_content-77121 themify_builder tf_clear\">\n    <\/div>\n<!--\/themify_builder_content-->\n","protected":false},"excerpt":{"rendered":"<p>En organisant la rencontre \u00ab Christianisme et Ecologie \u00bb, l\u2019Eglise Orthodoxe Fran\u00e7aise a souhait\u00e9 inaugurer le chemin d\u2019incarnation&#8230;<\/p>\n","protected":false},"author":13,"featured_media":77097,"comment_status":"closed","ping_status":"closed","sticky":false,"template":"","format":"standard","meta":{"_acf_changed":false,"footnotes":""},"categories":[131],"tags":[310,256,302],"class_list":["post-77121","post","type-post","status-publish","format-standard","has-post-thumbnail","hentry","category-actualites","tag-christianisme","tag-conservation-fr","tag-valeurs-spirituels","has-post-title","has-post-date","has-post-category","has-post-tag","has-post-comment","has-post-author",""],"acf":[],"_links":{"self":[{"href":"https:\/\/www.silene.ong\/fr\/wp-json\/wp\/v2\/posts\/77121","targetHints":{"allow":["GET"]}}],"collection":[{"href":"https:\/\/www.silene.ong\/fr\/wp-json\/wp\/v2\/posts"}],"about":[{"href":"https:\/\/www.silene.ong\/fr\/wp-json\/wp\/v2\/types\/post"}],"author":[{"embeddable":true,"href":"https:\/\/www.silene.ong\/fr\/wp-json\/wp\/v2\/users\/13"}],"replies":[{"embeddable":true,"href":"https:\/\/www.silene.ong\/fr\/wp-json\/wp\/v2\/comments?post=77121"}],"version-history":[{"count":4,"href":"https:\/\/www.silene.ong\/fr\/wp-json\/wp\/v2\/posts\/77121\/revisions"}],"predecessor-version":[{"id":86926,"href":"https:\/\/www.silene.ong\/fr\/wp-json\/wp\/v2\/posts\/77121\/revisions\/86926"}],"wp:featuredmedia":[{"embeddable":true,"href":"https:\/\/www.silene.ong\/fr\/wp-json\/wp\/v2\/media\/77097"}],"wp:attachment":[{"href":"https:\/\/www.silene.ong\/fr\/wp-json\/wp\/v2\/media?parent=77121"}],"wp:term":[{"taxonomy":"category","embeddable":true,"href":"https:\/\/www.silene.ong\/fr\/wp-json\/wp\/v2\/categories?post=77121"},{"taxonomy":"post_tag","embeddable":true,"href":"https:\/\/www.silene.ong\/fr\/wp-json\/wp\/v2\/tags?post=77121"}],"curies":[{"name":"wp","href":"https:\/\/api.w.org\/{rel}","templated":true}]}}