{"id":77160,"date":"2018-10-13T16:36:52","date_gmt":"2018-10-13T15:36:52","guid":{"rendered":"https:\/\/www.silene.ong\/non-classifiee\/seminaire-international-sur-les-connections-entre-le-patrimoine-culturel-et-naturel"},"modified":"2021-02-19T23:08:34","modified_gmt":"2021-02-19T22:08:34","slug":"seminaire-international-sur-les-connections-entre-le-patrimoine-culturel-et-naturel","status":"publish","type":"post","link":"https:\/\/www.silene.ong\/fr\/actualites\/seminaire-international-sur-les-connections-entre-le-patrimoine-culturel-et-naturel","title":{"rendered":"Seminaire international sur les connections entre le patrimoine culturel et naturel"},"content":{"rendered":"<p>Le Campus du patrimoine culturel et naturel et le Master en patrimoine de l&rsquo;Universit\u00e9 de G\u00e9rone ont organis\u00e9 un s\u00e9minaire international pour conna\u00eetre, \u00e0 travers certains de ses principaux promoteurs, le projet &lsquo;Connecting Practice&rsquo; et l&rsquo;applicabilit\u00e9 de la gestion int\u00e9gr\u00e9e des ressources naturelles et culturelles. patrimoine.<\/p>\n<p><strong>Connecting Practice<\/strong> est une initiative conjointe de l&rsquo;UICN et de l&rsquo;ICOMOS, n\u00e9e en 2013 dans le cadre du Programme du patrimoine mondial de l&rsquo;UNESCO, dans le but d&rsquo;explorer et de d\u00e9velopper des outils et m\u00e9thodologies efficaces pour l&rsquo;\u00e9valuation et la gestion conjointe du patrimoine naturel et culturel.<br \/>\nApr\u00e8s deux phases, le projet \u00e9tait finalis\u00e9. En regardant la troisi\u00e8me phase potentielle, ce s\u00e9minaire vise \u00e0 conna\u00eetre en profondeur cette initiative et \u00e0 explorer ses applications potentielles en Catalogne. Josep-Maria Mallarach, de l&rsquo;Association Silene, a pr\u00e9sid\u00e9 la table ronde consacr\u00e9e au d\u00e9bat sur les d\u00e9fis et les opportunit\u00e9s li\u00e9s \u00e0 la connexion du patrimoine naturel et culturel.<\/p>\n<p>Voyez le site web <a href=\"https:\/\/www.iucn.org\/theme\/world-heritage\/our-work\/global-world-heritage-projects\/connecting-nature-and-culture\" target=\"_blank\" rel=\"noopener\">ici<\/a><\/p>\n<p><a href=\"http:\/\/diobma.udg.edu\/handle\/10256.1\/5348\" target=\"_blank\" rel=\"noopener\">All the documents are available her<\/a><\/p>\n<!--themify_builder_content-->\n<div id=\"themify_builder_content-77160\" data-postid=\"77160\" class=\"themify_builder_content themify_builder_content-77160 themify_builder tf_clear\">\n    <\/div>\n<!--\/themify_builder_content-->\n","protected":false},"excerpt":{"rendered":"<p>Le Campus du patrimoine culturel et naturel et le Master en patrimoine de l&rsquo;Universit\u00e9 de G\u00e9rone ont organis\u00e9&#8230;<\/p>\n","protected":false},"author":7,"featured_media":74776,"comment_status":"closed","ping_status":"closed","sticky":false,"template":"","format":"standard","meta":{"_acf_changed":false,"footnotes":""},"categories":[131],"tags":[],"class_list":["post-77160","post","type-post","status-publish","format-standard","has-post-thumbnail","hentry","category-actualites","has-post-title","has-post-date","has-post-category","has-post-tag","has-post-comment","has-post-author",""],"acf":[],"_links":{"self":[{"href":"https:\/\/www.silene.ong\/fr\/wp-json\/wp\/v2\/posts\/77160","targetHints":{"allow":["GET"]}}],"collection":[{"href":"https:\/\/www.silene.ong\/fr\/wp-json\/wp\/v2\/posts"}],"about":[{"href":"https:\/\/www.silene.ong\/fr\/wp-json\/wp\/v2\/types\/post"}],"author":[{"embeddable":true,"href":"https:\/\/www.silene.ong\/fr\/wp-json\/wp\/v2\/users\/7"}],"replies":[{"embeddable":true,"href":"https:\/\/www.silene.ong\/fr\/wp-json\/wp\/v2\/comments?post=77160"}],"version-history":[{"count":5,"href":"https:\/\/www.silene.ong\/fr\/wp-json\/wp\/v2\/posts\/77160\/revisions"}],"predecessor-version":[{"id":85748,"href":"https:\/\/www.silene.ong\/fr\/wp-json\/wp\/v2\/posts\/77160\/revisions\/85748"}],"wp:featuredmedia":[{"embeddable":true,"href":"https:\/\/www.silene.ong\/fr\/wp-json\/wp\/v2\/media\/74776"}],"wp:attachment":[{"href":"https:\/\/www.silene.ong\/fr\/wp-json\/wp\/v2\/media?parent=77160"}],"wp:term":[{"taxonomy":"category","embeddable":true,"href":"https:\/\/www.silene.ong\/fr\/wp-json\/wp\/v2\/categories?post=77160"},{"taxonomy":"post_tag","embeddable":true,"href":"https:\/\/www.silene.ong\/fr\/wp-json\/wp\/v2\/tags?post=77160"}],"curies":[{"name":"wp","href":"https:\/\/api.w.org\/{rel}","templated":true}]}}