{"id":82980,"date":"2017-06-15T09:50:39","date_gmt":"2017-06-15T08:50:39","guid":{"rendered":"https:\/\/www.silene.ong\/non-classifiee\/projet-endinsat-creation-despaces-ecotherapeutiques-et-espirituals-dans-la-municipalite-de-bossost"},"modified":"2021-02-19T18:57:27","modified_gmt":"2021-02-19T17:57:27","slug":"projet-endinsat-creation-despaces-ecotherapeutiques-et-espirituals-dans-la-municipalite-de-bossost","status":"publish","type":"post","link":"https:\/\/www.silene.ong\/fr\/projects\/projet-endinsat-creation-despaces-ecotherapeutiques-et-espirituals-dans-la-municipalite-de-bossost","title":{"rendered":"Projet Endinsa&rsquo;t: creation d&rsquo;espaces ecotherap\u00e9utiques et espirituals dans la municipalit\u00e9 de Boss\u00f2st"},"content":{"rendered":"<div id=\"tw-target-text-container\" class=\"tw-ta-container tw-nfl\">\n<p id=\"tw-target-text\" class=\"tw-data-text tw-ta tw-text-small\" dir=\"ltr\" data-placeholder=\"Traducci\u00f3\"><span lang=\"fr\" tabindex=\"0\">En 2017, sur proposition de l&rsquo;association Silene, la mairie de Boss\u00f2st, \u00e0 la Val d&rsquo;Aran, dans les Pyren\u00e9es de la Catalogne (Espagne) d\u00e9cide de lancer le projet <em>Endinsa&rsquo;t<\/em> (Aller au fond) une opportunit\u00e9 de reconversion socio-\u00e9conomique du territoire, contrairement au mod\u00e8le actuel. du tourisme bas\u00e9 sur des exp\u00e9riences rapides et globales qui le bannissent, mettant l\u2019accent sur le patrimoine en tant que ressource touristique saisonni\u00e8re ayant peu d\u2019effet sur ces valeurs les plus caract\u00e9ristiques et les plus profondes. <\/span><\/p>\n<p class=\"tw-data-text tw-ta tw-text-small\" dir=\"ltr\" data-placeholder=\"Traducci\u00f3\"><span lang=\"fr\" tabindex=\"0\">Le projet <em>Endinsa&rsquo;t<\/em> \u00e9l\u00e8ve son axe d\u2019action sur la base de trois espaces situ\u00e9s dans les limites de la commune de Boss\u00f2st, qui se pr\u00e9sentent de mani\u00e8re diff\u00e9renci\u00e9e avec un net gradient de naturalisation \u00e0 mesure que l&rsquo;on s&rsquo;\u00e9loigne du noyau de la commune. Suivant la vocation int\u00e9gratrice et tirant parti de la diversit\u00e9 et de la richesse des ressources actuelles, il propose de mettre en valeur le patrimoine culturel religieux de Boss\u00f2st, en tenant compte de la pr\u00e9sence d&rsquo;ermitages, \u00e0 diff\u00e9rentes avocation, \u00e0 proximit\u00e9 du noyau, et entrer dans les bois alpins pour profiter des bains naturels et contempler le paysage, en tirant profit des propri\u00e9t\u00e9s des bois matures pour le bien-\u00eatre et l&rsquo;\u00e9mergence d&rsquo;exp\u00e9riences spirituelles dans des lieux d&rsquo;une grande magnificence du paysage.<\/span><\/p>\n<pre class=\"tw-ta tw-text-small\" lang=\"fr\"><\/pre>\n<\/div>\n<div id=\"tw-target-rmn-container\" class=\"tw-ta-container tw-nfl\">\n<pre id=\"tw-target-rmn\" class=\"tw-data-placeholder tw-ta tw-text-small\" dir=\"ltr\" data-placeholder=\"\"><\/pre>\n<\/div>\n<!--themify_builder_content-->\n<div id=\"themify_builder_content-82980\" data-postid=\"82980\" class=\"themify_builder_content themify_builder_content-82980 themify_builder tf_clear\">\n    <\/div>\n<!--\/themify_builder_content-->\n","protected":false},"excerpt":{"rendered":"<p>En 2017, sur proposition de l&rsquo;association Silene, la mairie de Boss\u00f2st, \u00e0 la Val d&rsquo;Aran, dans les Pyren\u00e9es&#8230;<\/p>\n","protected":false},"author":7,"featured_media":74750,"comment_status":"closed","ping_status":"closed","sticky":false,"template":"","format":"standard","meta":{"_acf_changed":false,"footnotes":""},"categories":[162,134],"tags":[244,271,302],"class_list":["post-82980","post","type-post","status-publish","format-standard","has-post-thumbnail","hentry","category-consultation","category-projects","tag-communale","tag-education-environnementale","tag-valeurs-spirituels","has-post-title","has-post-date","has-post-category","has-post-tag","has-post-comment","has-post-author",""],"acf":[],"_links":{"self":[{"href":"https:\/\/www.silene.ong\/fr\/wp-json\/wp\/v2\/posts\/82980","targetHints":{"allow":["GET"]}}],"collection":[{"href":"https:\/\/www.silene.ong\/fr\/wp-json\/wp\/v2\/posts"}],"about":[{"href":"https:\/\/www.silene.ong\/fr\/wp-json\/wp\/v2\/types\/post"}],"author":[{"embeddable":true,"href":"https:\/\/www.silene.ong\/fr\/wp-json\/wp\/v2\/users\/7"}],"replies":[{"embeddable":true,"href":"https:\/\/www.silene.ong\/fr\/wp-json\/wp\/v2\/comments?post=82980"}],"version-history":[{"count":4,"href":"https:\/\/www.silene.ong\/fr\/wp-json\/wp\/v2\/posts\/82980\/revisions"}],"predecessor-version":[{"id":82989,"href":"https:\/\/www.silene.ong\/fr\/wp-json\/wp\/v2\/posts\/82980\/revisions\/82989"}],"wp:featuredmedia":[{"embeddable":true,"href":"https:\/\/www.silene.ong\/fr\/wp-json\/wp\/v2\/media\/74750"}],"wp:attachment":[{"href":"https:\/\/www.silene.ong\/fr\/wp-json\/wp\/v2\/media?parent=82980"}],"wp:term":[{"taxonomy":"category","embeddable":true,"href":"https:\/\/www.silene.ong\/fr\/wp-json\/wp\/v2\/categories?post=82980"},{"taxonomy":"post_tag","embeddable":true,"href":"https:\/\/www.silene.ong\/fr\/wp-json\/wp\/v2\/tags?post=82980"}],"curies":[{"name":"wp","href":"https:\/\/api.w.org\/{rel}","templated":true}]}}