{"id":85762,"date":"2018-09-06T08:34:51","date_gmt":"2018-09-06T07:34:51","guid":{"rendered":"https:\/\/www.silene.ong\/?p=85762"},"modified":"2021-02-20T05:54:03","modified_gmt":"2021-02-20T04:54:03","slug":"symposium-sur-lecosophie-et-lintuition-cosmotheandrique-selon-raimon-panikkar","status":"publish","type":"post","link":"https:\/\/www.silene.ong\/fr\/actualites\/symposium-sur-lecosophie-et-lintuition-cosmotheandrique-selon-raimon-panikkar","title":{"rendered":"Symposium sur l&rsquo;\u00e9cosophie et l&rsquo;intuition cosmoth\u00e9andrique selon Raimon Panikkar"},"content":{"rendered":"<div class=\"oSioSc\">\n<div id=\"tw-target\">\n<div id=\"kAz1tf\" class=\"g9WsWb\">\n<div id=\"tw-target-text-container\" class=\"tw-ta-container tw-nfl\">\n<p id=\"tw-target-text\" class=\"tw-data-text tw-ta tw-text-small\" dir=\"ltr\" data-placeholder=\"Traducci\u00f3n\"><span lang=\"fr\" tabindex=\"0\">La Fundaci\u00f3 Valors Humans organise un symposium sur \u00ab\u00a0L&rsquo;\u00e9cosophie et l&rsquo;intuition cosmot\u00e8andrique de Raimon Panikkar\u00a0\u00bb \u00e0 la Casa d&rsquo;Espiritualitat Sant Felip Neri, \u00e0 Barcelone, les 1er et 2 septembre.\u00a0 Ce<\/span><span lang=\"fr\" tabindex=\"0\"> symposium fait partie de la suite d&rsquo;\u00e9venements organis\u00e9s en Catalogne cette an\u00e9e, \u00e0 l&rsquo;occasion du centenaire de la naissance de Raimon Panikkar i Alamany, t\u00e9ologien et philosophe. <\/span><\/p>\n<p class=\"tw-data-text tw-ta tw-text-small\" dir=\"ltr\" data-placeholder=\"Traducci\u00f3n\"><span lang=\"fr\" tabindex=\"0\">Les participants seront \u00c0ngels Canadell, Josep Maria Mallarach, Xavier Melloni, Jordi Pigem avec la mod\u00e9ration de Xavier Perarnau<br \/>\n<\/span><\/p>\n<\/div>\n<\/div>\n<\/div>\n<\/div>\n<p>Plus de renseignements: <a href=\"http:\/\/The Fundaci\u00f3 Valors Humans (Human Values Foundation) organizes a symposium on \u2018Ecosophy and the cosmotheandric intuition of Raimon Panikkar\u2019, at the Casa d\u2019Espiritualitat Sant Felip Neri, in Barcelona, on September 1 and 2. \u00c0ngels Canadell, Josep Maria Mallarach, Xavier Melloni, Jordi Pigem and Xavier Perarnau will take part on it. The conference is part of the set of events organized in Catalonia on the occasion of the centenary of the birth of the philosopher and theologian Raimon Panikkar.\">Oficial web site of Raimon Panikkar.\u00a0<\/a><\/p>\n<p><a href=\"http:\/\/casaespiritualitat.barcelona\/wp-content\/uploads\/2018\/06\/SIMPOSI-PANIKKAR.pdf\" target=\"_blank\" rel=\"noopener\">Le programne est disponible ici<\/a><\/p>\n<p>Le resum\u00e9e de la presentation de Josep Maria Mallarach, de l&rsquo;Association Silene, est disponible en bas.<\/p>\n<!--themify_builder_content-->\n<div id=\"themify_builder_content-85762\" data-postid=\"85762\" class=\"themify_builder_content themify_builder_content-85762 themify_builder tf_clear\">\n    <\/div>\n<!--\/themify_builder_content-->\n","protected":false},"excerpt":{"rendered":"<p>La Fundaci\u00f3 Valors Humans organise un symposium sur \u00ab\u00a0L&rsquo;\u00e9cosophie et l&rsquo;intuition cosmot\u00e8andrique de Raimon Panikkar\u00a0\u00bb \u00e0 la Casa&#8230;<\/p>\n","protected":false},"author":7,"featured_media":75054,"comment_status":"closed","ping_status":"closed","sticky":false,"template":"","format":"standard","meta":{"_acf_changed":false,"footnotes":""},"categories":[131],"tags":[],"class_list":["post-85762","post","type-post","status-publish","format-standard","has-post-thumbnail","hentry","category-actualites","has-post-title","has-post-date","has-post-category","has-post-tag","has-post-comment","has-post-author",""],"acf":[],"_links":{"self":[{"href":"https:\/\/www.silene.ong\/fr\/wp-json\/wp\/v2\/posts\/85762","targetHints":{"allow":["GET"]}}],"collection":[{"href":"https:\/\/www.silene.ong\/fr\/wp-json\/wp\/v2\/posts"}],"about":[{"href":"https:\/\/www.silene.ong\/fr\/wp-json\/wp\/v2\/types\/post"}],"author":[{"embeddable":true,"href":"https:\/\/www.silene.ong\/fr\/wp-json\/wp\/v2\/users\/7"}],"replies":[{"embeddable":true,"href":"https:\/\/www.silene.ong\/fr\/wp-json\/wp\/v2\/comments?post=85762"}],"version-history":[{"count":5,"href":"https:\/\/www.silene.ong\/fr\/wp-json\/wp\/v2\/posts\/85762\/revisions"}],"predecessor-version":[{"id":85767,"href":"https:\/\/www.silene.ong\/fr\/wp-json\/wp\/v2\/posts\/85762\/revisions\/85767"}],"wp:featuredmedia":[{"embeddable":true,"href":"https:\/\/www.silene.ong\/fr\/wp-json\/wp\/v2\/media\/75054"}],"wp:attachment":[{"href":"https:\/\/www.silene.ong\/fr\/wp-json\/wp\/v2\/media?parent=85762"}],"wp:term":[{"taxonomy":"category","embeddable":true,"href":"https:\/\/www.silene.ong\/fr\/wp-json\/wp\/v2\/categories?post=85762"},{"taxonomy":"post_tag","embeddable":true,"href":"https:\/\/www.silene.ong\/fr\/wp-json\/wp\/v2\/tags?post=85762"}],"curies":[{"name":"wp","href":"https:\/\/api.w.org\/{rel}","templated":true}]}}