{"id":86803,"date":"2017-02-21T08:48:20","date_gmt":"2017-02-21T07:48:20","guid":{"rendered":"https:\/\/www.silene.ong\/?p=86803"},"modified":"2021-02-19T10:40:18","modified_gmt":"2021-02-19T09:40:18","slug":"symposium-sur-les-valeurs-dans-la-gestion-du-patrimoine-nouvelles-approches-et-axes-de-recherche","status":"publish","type":"post","link":"https:\/\/www.silene.ong\/fr\/actualites\/symposium-sur-les-valeurs-dans-la-gestion-du-patrimoine-nouvelles-approches-et-axes-de-recherche","title":{"rendered":"Symposium sur les valeurs dans la gestion du patrimoine: nouvelles approches et axes de recherche"},"content":{"rendered":"<p>Organis\u00e9 par le Getty Conservation Institute, en collaboration avec la professeure Erica Avrami, de l&rsquo;Universit\u00e9 Columbia, et le professeur Randall Mason, de l&rsquo;Universit\u00e9 de Pennsylvanie, le symposium a permis d&rsquo;explorer des sujets tels que la perception des valeurs du patrimoine dans les cultures. non occidentaux, et ont trait\u00e9 les valeurs aux points de rencontre du patrimoine mat\u00e9riel et immat\u00e9riel et de la conservation du patrimoine naturel et culturel, ainsi que de l&rsquo;\u00e9volution des valeurs au fil du temps, de la mani\u00e8re dont les valeurs sont touch\u00e9es et peuvent \u00eatre restaur\u00e9es avec en ce qui concerne la destruction intentionnelle du patrimoine, les valeurs dans l&rsquo;\u00e9volution et l&rsquo;application des r\u00e8gles de succession, et les approches de l&rsquo;\u00e9valuation des valeurs, y compris les m\u00e9thodes \u00e9conomiques.<\/p>\n<p>Josep-Maria Mallarach, pr\u00e9sident de l&rsquo;Association Silene, a pr\u00e9sent\u00e9 l&rsquo;exp\u00e9rience des approches promues par l&rsquo;UICN et l&rsquo;UNESCO au cours des derni\u00e8res d\u00e9cennies pour int\u00e9grer le patrimoine naturel et culturel.<\/p>\n<p>Ce symposium fait partie d\u2019une s\u00e9rie d\u2019\u00e9v\u00e9nements organis\u00e9s depuis 1998 par le Getty Conservation Institute afin de mieux comprendre le r\u00f4le des valeurs et de l\u2019\u00e9conomie dans la conservation du patrimoine et de promouvoir le d\u00e9veloppement d\u2019approches pratiques connexes.<\/p>\n<!--themify_builder_content-->\n<div id=\"themify_builder_content-86803\" data-postid=\"86803\" class=\"themify_builder_content themify_builder_content-86803 themify_builder tf_clear\">\n    <\/div>\n<!--\/themify_builder_content-->\n","protected":false},"excerpt":{"rendered":"<p>Organis\u00e9 par le Getty Conservation Institute, en collaboration avec la professeure Erica Avrami, de l&rsquo;Universit\u00e9 Columbia, et le&#8230;<\/p>\n","protected":false},"author":7,"featured_media":74220,"comment_status":"closed","ping_status":"closed","sticky":false,"template":"","format":"standard","meta":{"_acf_changed":false,"footnotes":""},"categories":[131],"tags":[288,298,302],"class_list":["post-86803","post","type-post","status-publish","format-standard","has-post-thumbnail","hentry","category-actualites","tag-patrimoine","tag-valeurs-culturels","tag-valeurs-spirituels","has-post-title","has-post-date","has-post-category","has-post-tag","has-post-comment","has-post-author",""],"acf":[],"_links":{"self":[{"href":"https:\/\/www.silene.ong\/fr\/wp-json\/wp\/v2\/posts\/86803","targetHints":{"allow":["GET"]}}],"collection":[{"href":"https:\/\/www.silene.ong\/fr\/wp-json\/wp\/v2\/posts"}],"about":[{"href":"https:\/\/www.silene.ong\/fr\/wp-json\/wp\/v2\/types\/post"}],"author":[{"embeddable":true,"href":"https:\/\/www.silene.ong\/fr\/wp-json\/wp\/v2\/users\/7"}],"replies":[{"embeddable":true,"href":"https:\/\/www.silene.ong\/fr\/wp-json\/wp\/v2\/comments?post=86803"}],"version-history":[{"count":4,"href":"https:\/\/www.silene.ong\/fr\/wp-json\/wp\/v2\/posts\/86803\/revisions"}],"predecessor-version":[{"id":86860,"href":"https:\/\/www.silene.ong\/fr\/wp-json\/wp\/v2\/posts\/86803\/revisions\/86860"}],"wp:featuredmedia":[{"embeddable":true,"href":"https:\/\/www.silene.ong\/fr\/wp-json\/wp\/v2\/media\/74220"}],"wp:attachment":[{"href":"https:\/\/www.silene.ong\/fr\/wp-json\/wp\/v2\/media?parent=86803"}],"wp:term":[{"taxonomy":"category","embeddable":true,"href":"https:\/\/www.silene.ong\/fr\/wp-json\/wp\/v2\/categories?post=86803"},{"taxonomy":"post_tag","embeddable":true,"href":"https:\/\/www.silene.ong\/fr\/wp-json\/wp\/v2\/tags?post=86803"}],"curies":[{"name":"wp","href":"https:\/\/api.w.org\/{rel}","templated":true}]}}