{"id":86870,"date":"2018-05-24T08:50:20","date_gmt":"2018-05-24T07:50:20","guid":{"rendered":"https:\/\/www.silene.ong\/?p=86870"},"modified":"2021-02-21T09:11:22","modified_gmt":"2021-02-21T08:11:22","slug":"deuxieme-seminaire-international-visant-a-ameliorer-la-connaissance-des-paysages-monastiques","status":"publish","type":"post","link":"https:\/\/www.silene.ong\/fr\/actualites\/deuxieme-seminaire-international-visant-a-ameliorer-la-connaissance-des-paysages-monastiques","title":{"rendered":"Deuxi\u00e8me s\u00e9minaire sur les paysages monastiques: Monest\u00e8re et territoire, p\u00e9ripheries spirituelles et spacielles"},"content":{"rendered":"<p>L\u2019Abbaye de Praglia et l\u2019Universit\u00e9 de Padoue se sont associ\u00e9es pour organiser le deuxi\u00e8me s\u00e9minaire international visant \u00e0 am\u00e9liorer la connaissance des paysages monastiques et en particulier du syst\u00e8me b\u00e9n\u00e9dictin de planification et de gestion territoriales fond\u00e9 sur une approche singuli\u00e8re de la vie en communaut\u00e9 qui instaure R\u00e8gle de Saint Beno\u00eet et toute la gamme de la pens\u00e9e monastique qui a inspir\u00e9, de mani\u00e8re g\u00e9n\u00e9rale.<\/p>\n<p>En r\u00e9ponse aux questions stimulantes pos\u00e9es par le premier s\u00e9minaire du cycle <i>Armonie composte<\/i> intitul\u00e9 \u00ab\u00a0Paysages construits, paysages dans l&rsquo;art\u00a0\u00bb, cette seconde r\u00e9union explorera le th\u00e8me de la \u00ab\u00a0p\u00e9riph\u00e9rie\u00a0\u00bb, \u00e0 l&rsquo;ext\u00e9rieure des agglom\u00e9rations urbaines. L&rsquo;\u00e9v\u00e9nement de trois jours comprend une douzaine de pr\u00e9sentations, plusieurs s\u00e9ances de discussion sur des aspects sp\u00e9cifiques du th\u00e8me g\u00e9n\u00e9ral, plusieurs visites in situ et une visite sur le terrain. La s\u00e9ance de cl\u00f4ture &#8211; ouverte au public &#8211; sera consacr\u00e9e aux r\u00e9sultats du s\u00e9minaire dans le contexte des points de vue les plus remarquables et des exp\u00e9riences entourant la relation entre la spiritualit\u00e9 monastique et les paysages des p\u00e9riph\u00e9ries contemporaines.<\/p>\n<!--themify_builder_content-->\n<div id=\"themify_builder_content-86870\" data-postid=\"86870\" class=\"themify_builder_content themify_builder_content-86870 themify_builder tf_clear\">\n    <\/div>\n<!--\/themify_builder_content-->\n","protected":false},"excerpt":{"rendered":"<p>L\u2019Abbaye de Praglia et l\u2019Universit\u00e9 de Padoue se sont associ\u00e9es pour organiser le deuxi\u00e8me s\u00e9minaire international visant \u00e0&#8230;<\/p>\n","protected":false},"author":7,"featured_media":74194,"comment_status":"closed","ping_status":"closed","sticky":false,"template":"","format":"standard","meta":{"_acf_changed":false,"footnotes":""},"categories":[131],"tags":[256,286,295],"class_list":["post-86870","post","type-post","status-publish","format-standard","has-post-thumbnail","hentry","category-actualites","tag-conservation-fr","tag-paysage","tag-traditions-spirituelles","has-post-title","has-post-date","has-post-category","has-post-tag","has-post-comment","has-post-author",""],"acf":[],"_links":{"self":[{"href":"https:\/\/www.silene.ong\/fr\/wp-json\/wp\/v2\/posts\/86870","targetHints":{"allow":["GET"]}}],"collection":[{"href":"https:\/\/www.silene.ong\/fr\/wp-json\/wp\/v2\/posts"}],"about":[{"href":"https:\/\/www.silene.ong\/fr\/wp-json\/wp\/v2\/types\/post"}],"author":[{"embeddable":true,"href":"https:\/\/www.silene.ong\/fr\/wp-json\/wp\/v2\/users\/7"}],"replies":[{"embeddable":true,"href":"https:\/\/www.silene.ong\/fr\/wp-json\/wp\/v2\/comments?post=86870"}],"version-history":[{"count":7,"href":"https:\/\/www.silene.ong\/fr\/wp-json\/wp\/v2\/posts\/86870\/revisions"}],"predecessor-version":[{"id":86879,"href":"https:\/\/www.silene.ong\/fr\/wp-json\/wp\/v2\/posts\/86870\/revisions\/86879"}],"wp:featuredmedia":[{"embeddable":true,"href":"https:\/\/www.silene.ong\/fr\/wp-json\/wp\/v2\/media\/74194"}],"wp:attachment":[{"href":"https:\/\/www.silene.ong\/fr\/wp-json\/wp\/v2\/media?parent=86870"}],"wp:term":[{"taxonomy":"category","embeddable":true,"href":"https:\/\/www.silene.ong\/fr\/wp-json\/wp\/v2\/categories?post=86870"},{"taxonomy":"post_tag","embeddable":true,"href":"https:\/\/www.silene.ong\/fr\/wp-json\/wp\/v2\/tags?post=86870"}],"curies":[{"name":"wp","href":"https:\/\/api.w.org\/{rel}","templated":true}]}}