{"id":86972,"date":"2017-07-26T16:08:35","date_gmt":"2017-07-26T15:08:35","guid":{"rendered":"https:\/\/www.silene.ong\/?p=86972"},"modified":"2021-02-19T02:23:27","modified_gmt":"2021-02-19T01:23:27","slug":"86972","status":"publish","type":"post","link":"https:\/\/www.silene.ong\/fr\/actualites\/86972","title":{"rendered":"XIIe stage de formation interreligieux: rapports entre les principales traditions religieuses et la nature"},"content":{"rendered":"<p>Cours interreligieux sur la nature et les religions, organis\u00e9 par le Dialogue monastique interreligieux et l&rsquo;Institut sup\u00e9rieur des sciences religieuses de Barcelone, du 4 au 8 juillet au monast\u00e8re de Montserrat. Les expos\u00e9es seront en charge de Josep M. Mallarach, docteur en biologie et l&rsquo;environnement, membre du comit\u00e9 directeur du groupe sp\u00e9cialis\u00e9 dans les valeurs culturelles et spirituelles des espaces naturels prot\u00e9g\u00e9s de l&rsquo;UICN.<\/p>\n<p>Le cours abordera les rapports entre les principales traditions religieuses du monde et la nature, dans le contexte des d\u00e9fis \u00e9cologiques actuels, qui invitent toutes les traditions religieuses et spirituelles \u00e0 fournir des r\u00e9ponses ad\u00e9quates et proportionn\u00e9es, tout en encourageant les organisations \u00e9cologiques a chercher et promouvoir des alliances avec des organisations religieuses.<\/p>\n<p>De chaque religion, les aspects essentiels cosmologiques, \u00e9thiques et moraux qui constituent la relation avec la nature, ainsi que certaines des r\u00e9ponses contemporaines les plus inspirantes, seront expos\u00e9s. Les traditions autochtones (bor\u00e9ales et tropicales), l&rsquo;hindouisme, le tao\u00efsme, le bouddhisme, le juda\u00efsme, le christianisme et l&rsquo;islam ont \u00e9t\u00e9 trait\u00e9s. Le cours finira avec une synth\u00e8se du patrimoine commun: une vision spirituelle de la nature, poss\u00e9dant des valeurs intrins\u00e8ques et des pr\u00e9ceptes pour vivre en harmonie (vertus \u00e9cologiques), qui dans le contexte de pays riches et technologiquement d\u00e9velopp\u00e9s tels que le n\u00f4tre. , ils doivent \u00eatre formul\u00e9s dans la cl\u00e9 de la conversion \u00e9cologique, pour aller vers la simplicit\u00e9 et la frugalit\u00e9 et retrouver la vision contemplative de la Nature propos\u00e9e par l\u2019encyclique Laudato si &lsquo;du Pape Francesc (2015).<\/p>\n<p>Pour en savoir plus: <a href=\"http:\/\/www.iscreb.org\/ca\/comunicacio\/actualitat\/general\/xii-curs-de-formacio-interreligiosa\/111\/1\/161\" target=\"_blank\" rel=\"noopener\">Institut Superior de Ci\u00e8ncies Religioses de Barcelona<\/a><\/p>\n<!--themify_builder_content-->\n<div id=\"themify_builder_content-86972\" data-postid=\"86972\" class=\"themify_builder_content themify_builder_content-86972 themify_builder tf_clear\">\n    <\/div>\n<!--\/themify_builder_content-->\n","protected":false},"excerpt":{"rendered":"<p>Cours interreligieux sur la nature et les religions, organis\u00e9 par le Dialogue monastique interreligieux et l&rsquo;Institut sup\u00e9rieur des&#8230;<\/p>\n","protected":false},"author":7,"featured_media":74077,"comment_status":"closed","ping_status":"closed","sticky":false,"template":"","format":"standard","meta":{"_acf_changed":false,"footnotes":""},"categories":[131],"tags":[256,262,277,295],"class_list":["post-86972","post","type-post","status-publish","format-standard","has-post-thumbnail","hentry","category-actualites","tag-conservation-fr","tag-crise-ecologique","tag-ethique","tag-traditions-spirituelles","has-post-title","has-post-date","has-post-category","has-post-tag","has-post-comment","has-post-author",""],"acf":[],"_links":{"self":[{"href":"https:\/\/www.silene.ong\/fr\/wp-json\/wp\/v2\/posts\/86972","targetHints":{"allow":["GET"]}}],"collection":[{"href":"https:\/\/www.silene.ong\/fr\/wp-json\/wp\/v2\/posts"}],"about":[{"href":"https:\/\/www.silene.ong\/fr\/wp-json\/wp\/v2\/types\/post"}],"author":[{"embeddable":true,"href":"https:\/\/www.silene.ong\/fr\/wp-json\/wp\/v2\/users\/7"}],"replies":[{"embeddable":true,"href":"https:\/\/www.silene.ong\/fr\/wp-json\/wp\/v2\/comments?post=86972"}],"version-history":[{"count":3,"href":"https:\/\/www.silene.ong\/fr\/wp-json\/wp\/v2\/posts\/86972\/revisions"}],"predecessor-version":[{"id":86977,"href":"https:\/\/www.silene.ong\/fr\/wp-json\/wp\/v2\/posts\/86972\/revisions\/86977"}],"wp:featuredmedia":[{"embeddable":true,"href":"https:\/\/www.silene.ong\/fr\/wp-json\/wp\/v2\/media\/74077"}],"wp:attachment":[{"href":"https:\/\/www.silene.ong\/fr\/wp-json\/wp\/v2\/media?parent=86972"}],"wp:term":[{"taxonomy":"category","embeddable":true,"href":"https:\/\/www.silene.ong\/fr\/wp-json\/wp\/v2\/categories?post=86972"},{"taxonomy":"post_tag","embeddable":true,"href":"https:\/\/www.silene.ong\/fr\/wp-json\/wp\/v2\/tags?post=86972"}],"curies":[{"name":"wp","href":"https:\/\/api.w.org\/{rel}","templated":true}]}}