{"id":87001,"date":"2017-08-27T12:10:26","date_gmt":"2017-08-27T11:10:26","guid":{"rendered":"https:\/\/www.silene.ong\/?p=87001"},"modified":"2021-02-21T09:12:10","modified_gmt":"2021-02-21T08:12:10","slug":"projet-interreg-croissance-verte-et-pelerinage-en-europe","status":"publish","type":"post","link":"https:\/\/www.silene.ong\/fr\/actualites\/projet-interreg-croissance-verte-et-pelerinage-en-europe","title":{"rendered":"Projet INTERREG Croissance verte et p\u00e8lerinage en Europe"},"content":{"rendered":"<p>De 2017 \u00e0 2021, le projet INTERREG \u00ab\u00a0Croissance verte et p\u00e8lerinage\u00a0\u00bb r\u00e9unira des partenaires de l&rsquo;Italie, la Norv\u00e8ge, la Roumanie, le Royaume-Uni et la Su\u00e8de. Les partenaires ont commenc\u00e9 \u00e0 \u00e9changer les meilleures pratiques europ\u00e9ennes en mati\u00e8re de contribution du p\u00e8lerinage \u00e0 la pr\u00e9servation et \u00e0 l&rsquo;am\u00e9lioration du patrimoine naturel et culturel, tout en cr\u00e9ant des emplois et en d\u00e9veloppant la croissance gr\u00e2ce aux itin\u00e9raires de p\u00e8lerinage.<\/p>\n<p>La fragilit\u00e9 de l&rsquo;\u00e9conomie europ\u00e9enne implique que les politiques de croissance et de d\u00e9veloppement \u00e9conomique ont souvent priorit\u00e9 sur les politiques environnementales mena\u00e7ant le patrimoine culturel et naturel. Le projet Green Pilgrimage montrera comment les politiques de croissance et de d\u00e9veloppement peuvent d\u00e9velopper et prot\u00e9ger \u00e9conomiquement le patrimoine naturel et culturel. L&rsquo;une des cl\u00e9s est l&rsquo;accent mis sur le pouvoir des peuples, reconnu comme l&rsquo;un des segments \u00e0 la croissance la plus rapide dans l&rsquo;industrie du voyage (OMT, 2015). Le projet profitera principalement aux communaut\u00e9s locales et aux entreprises des principaux itin\u00e9raires de p\u00e8lerinage en Europe, des groupes de gestion qui prot\u00e8gent les valeurs naturelles et culturelles.<\/p>\n<p>Le partenaire conseil du projet, le r\u00e9seau europ\u00e9en de p\u00e8lerinages verts, veillera \u00e0 ce que les b\u00e9n\u00e9ficiaires indirects du projet soient les principaux itin\u00e9raires de p\u00e8lerinage en Europe. Le soutien de l&rsquo;Institut europ\u00e9en des itin\u00e9raires culturels garantira que les contributions du projet pourront \u00e9galement b\u00e9n\u00e9ficier aux 33 itin\u00e9raires culturels certifi\u00e9s existant en Europe.<\/p>\n<p>Site web du projet INTERREG <a href=\"https:\/\/www.interregeurope.eu\/greenpilgrimage\/\" target=\"_blank\" rel=\"noopener\">Croissance verte et p\u00e8lerinage<\/a><\/p>\n<!--themify_builder_content-->\n<div id=\"themify_builder_content-87001\" data-postid=\"87001\" class=\"themify_builder_content themify_builder_content-87001 themify_builder tf_clear\">\n    <\/div>\n<!--\/themify_builder_content-->\n","protected":false},"excerpt":{"rendered":"<p>De 2017 \u00e0 2021, le projet INTERREG \u00ab\u00a0Croissance verte et p\u00e8lerinage\u00a0\u00bb r\u00e9unira des partenaires de l&rsquo;Italie, la Norv\u00e8ge,&#8230;<\/p>\n","protected":false},"author":7,"featured_media":76798,"comment_status":"closed","ping_status":"closed","sticky":false,"template":"","format":"standard","meta":{"_acf_changed":false,"footnotes":""},"categories":[131],"tags":[247,292,302],"class_list":["post-87001","post","type-post","status-publish","format-standard","has-post-thumbnail","hentry","category-actualites","tag-communautes-locales","tag-pelerinage","tag-valeurs-spirituels","has-post-title","has-post-date","has-post-category","has-post-tag","has-post-comment","has-post-author",""],"acf":[],"_links":{"self":[{"href":"https:\/\/www.silene.ong\/fr\/wp-json\/wp\/v2\/posts\/87001","targetHints":{"allow":["GET"]}}],"collection":[{"href":"https:\/\/www.silene.ong\/fr\/wp-json\/wp\/v2\/posts"}],"about":[{"href":"https:\/\/www.silene.ong\/fr\/wp-json\/wp\/v2\/types\/post"}],"author":[{"embeddable":true,"href":"https:\/\/www.silene.ong\/fr\/wp-json\/wp\/v2\/users\/7"}],"replies":[{"embeddable":true,"href":"https:\/\/www.silene.ong\/fr\/wp-json\/wp\/v2\/comments?post=87001"}],"version-history":[{"count":3,"href":"https:\/\/www.silene.ong\/fr\/wp-json\/wp\/v2\/posts\/87001\/revisions"}],"predecessor-version":[{"id":92749,"href":"https:\/\/www.silene.ong\/fr\/wp-json\/wp\/v2\/posts\/87001\/revisions\/92749"}],"wp:featuredmedia":[{"embeddable":true,"href":"https:\/\/www.silene.ong\/fr\/wp-json\/wp\/v2\/media\/76798"}],"wp:attachment":[{"href":"https:\/\/www.silene.ong\/fr\/wp-json\/wp\/v2\/media?parent=87001"}],"wp:term":[{"taxonomy":"category","embeddable":true,"href":"https:\/\/www.silene.ong\/fr\/wp-json\/wp\/v2\/categories?post=87001"},{"taxonomy":"post_tag","embeddable":true,"href":"https:\/\/www.silene.ong\/fr\/wp-json\/wp\/v2\/tags?post=87001"}],"curies":[{"name":"wp","href":"https:\/\/api.w.org\/{rel}","templated":true}]}}