{"id":87801,"date":"2017-07-28T11:17:07","date_gmt":"2017-07-28T10:17:07","guid":{"rendered":"https:\/\/www.silene.ong\/?p=87801"},"modified":"2021-02-19T08:57:22","modified_gmt":"2021-02-19T07:57:22","slug":"vers-une-nouvelle-ecologie-environnementale-et-sociale","status":"publish","type":"post","link":"https:\/\/www.silene.ong\/fr\/actualites\/vers-une-nouvelle-ecologie-environnementale-et-sociale","title":{"rendered":"Vers une nouvelle \u00e9cologie environnementale et sociale:  Le nouveau paradigme du pape Fran\u00e7ois"},"content":{"rendered":"<p>La Chaire de Pens\u00e9e Chr\u00e9tienne de l&rsquo;\u00c9v\u00each\u00e9 d&rsquo;Urgell (Catalogne et Andorre) a organis\u00e9 sa treizi\u00e8me journ\u00e9e le 2 juillet sous le titre: \u00abVers une nouvelle \u00e9cologie environnementale et sociale. Le nouveau paradigme du pape Fran\u00e7ois.<\/p>\n<p>La journ\u00e9e s&rsquo;est d\u00e9roul\u00e9e \u00e0 l&rsquo;Auditorium Rocafort de Sant Juli\u00e0 de L\u00f2ria (Andorre) afin d&rsquo;approfondir l&rsquo;analyse et les propositions de l&rsquo;encyclique. La situation environnementale de la plan\u00e8te &#8211; notre maison commune &#8211; appelle des mesures urgentes pour garantir la durabilit\u00e9. Pendant un an, le pape Fran\u00e7ois a d\u00e9nonc\u00e9 la grave situation de l&rsquo;encyclique <em>Laudato Si &lsquo;<\/em>, adress\u00e9e \u00e0 toute l&rsquo;humanit\u00e9, et a encourag\u00e9 le dialogue entre toutes les parties et une \u00ab\u00a0conversion \u00e9cologique\u00a0\u00bb sinc\u00e8re.<\/p>\n<p>L&rsquo;archev\u00eaque d&rsquo;Urgell, Joan-Enric Vives, s&rsquo;est f\u00e9licit\u00e9 de la signification de l&rsquo;encyclique, qui est un d\u00e9fi pour nous tous; Lluc M. Torcal, procureur g\u00e9n\u00e9ral de l&rsquo;ordre cistercien, assistait \u00e0 la r\u00e9union avec le document &lsquo;Un panorama de l&rsquo;\u00e9tat de la terre \u00e0 la lumi\u00e8re de Laudato si&rsquo; du pape Francesc&rsquo;; Josep M. Mallarach, membre de la Commission des aires prot\u00e9g\u00e9es et des politiques de l&rsquo;environnement d&rsquo;UICN, avec le document &lsquo;Le lien entre nature et spiritualit\u00e9. Vers un nouveau paradigme &lsquo;; et Francesc Torralba, professeur \u00e0 l\u2019Universit\u00e9 Ramon Llull et directeur de la chaire de Pens\u00e9e chr\u00e9tienne, dans le document \u00abElargir le sens de l\u2019\u00e9cologie \u00e9cologique\u00bb. La personne humaine au centre de tout\u00a0\u00bb<\/p>\n<p>Nouvelles li\u00e9es (en catalan):<b><br \/>\n<\/b><br \/>\n<a href=\"http:\/\/www.catalunyareligio.cat\/ca\/articles\/urgell-aposta-per-ecologia-fons-espiritual?utm_source=butlleti&amp;utm_medium=email&amp;utm_campaign=2016-07-04_butlleti\" target=\"_blank\" rel=\"noopener\">Urgell aposta per \u201cuna ecologia amb fons espiritual\u201d<\/a>\u00a0\u2013 Catalunyareligio.cat<\/p>\n<p><a href=\"http:\/\/www.ara.ad\/societat\/doctor-Mallarach-alerta-Andorra-insostenibles_0_1606039633.html\" target=\"_blank\" rel=\"noopener\">El doctor Mallarach alerta que Andorra \u00e9s un dels pa\u00efsos \u00ab\u00a0m\u00e9s insostenibles ecol\u00f2gicament del m\u00f3n\u00a0\u00bb<\/a>\u00a0\u2013 Diari Ara (versi\u00f3 digital)<\/p>\n<p><a href=\"http:\/\/www.diariandorra.ad\/noticies\/opinio\/2016\/07\/22\/la_petjada_ecologica_104796_1129.html\" target=\"_blank\" rel=\"noopener\">La petjada ecol\u00f2gica<\/a>\u00a0\u2013 Diari d\u2019Andorra,<\/p>\n<!--themify_builder_content-->\n<div id=\"themify_builder_content-87801\" data-postid=\"87801\" class=\"themify_builder_content themify_builder_content-87801 themify_builder tf_clear\">\n    <\/div>\n<!--\/themify_builder_content-->\n","protected":false},"excerpt":{"rendered":"<p>La Chaire de Pens\u00e9e Chr\u00e9tienne de l&rsquo;\u00c9v\u00each\u00e9 d&rsquo;Urgell (Catalogne et Andorre) a organis\u00e9 sa treizi\u00e8me journ\u00e9e le 2&#8230;<\/p>\n","protected":false},"author":21,"featured_media":75137,"comment_status":"closed","ping_status":"closed","sticky":false,"template":"","format":"standard","meta":{"_acf_changed":false,"footnotes":""},"categories":[131],"tags":[310,277,302],"class_list":["post-87801","post","type-post","status-publish","format-standard","has-post-thumbnail","hentry","category-actualites","tag-christianisme","tag-ethique","tag-valeurs-spirituels","has-post-title","has-post-date","has-post-category","has-post-tag","has-post-comment","has-post-author",""],"acf":[],"_links":{"self":[{"href":"https:\/\/www.silene.ong\/fr\/wp-json\/wp\/v2\/posts\/87801","targetHints":{"allow":["GET"]}}],"collection":[{"href":"https:\/\/www.silene.ong\/fr\/wp-json\/wp\/v2\/posts"}],"about":[{"href":"https:\/\/www.silene.ong\/fr\/wp-json\/wp\/v2\/types\/post"}],"author":[{"embeddable":true,"href":"https:\/\/www.silene.ong\/fr\/wp-json\/wp\/v2\/users\/21"}],"replies":[{"embeddable":true,"href":"https:\/\/www.silene.ong\/fr\/wp-json\/wp\/v2\/comments?post=87801"}],"version-history":[{"count":5,"href":"https:\/\/www.silene.ong\/fr\/wp-json\/wp\/v2\/posts\/87801\/revisions"}],"predecessor-version":[{"id":87806,"href":"https:\/\/www.silene.ong\/fr\/wp-json\/wp\/v2\/posts\/87801\/revisions\/87806"}],"wp:featuredmedia":[{"embeddable":true,"href":"https:\/\/www.silene.ong\/fr\/wp-json\/wp\/v2\/media\/75137"}],"wp:attachment":[{"href":"https:\/\/www.silene.ong\/fr\/wp-json\/wp\/v2\/media?parent=87801"}],"wp:term":[{"taxonomy":"category","embeddable":true,"href":"https:\/\/www.silene.ong\/fr\/wp-json\/wp\/v2\/categories?post=87801"},{"taxonomy":"post_tag","embeddable":true,"href":"https:\/\/www.silene.ong\/fr\/wp-json\/wp\/v2\/tags?post=87801"}],"curies":[{"name":"wp","href":"https:\/\/api.w.org\/{rel}","templated":true}]}}