{"id":88184,"date":"2019-09-03T16:02:03","date_gmt":"2019-09-03T15:02:03","guid":{"rendered":"https:\/\/www.silene.ong\/non-classifiee\/ecosofia-recuperar-el-vincle-espiritual-amb-la-natura-i-viure-hi-amb-coherencia-2"},"modified":"2021-02-18T23:54:10","modified_gmt":"2021-02-18T22:54:10","slug":"ecosofia-recuperar-el-vincle-espiritual-amb-la-natura-i-viure-hi-amb-coherencia-2","status":"publish","type":"post","link":"https:\/\/www.silene.ong\/fr\/centre-de-documentation\/reflexions-sur-la-science-et-la-spiritualite-fr\/ecosofia-recuperar-el-vincle-espiritual-amb-la-natura-i-viure-hi-amb-coherencia-2","title":{"rendered":"Ecosofia: Recuperar el vincle espiritual amb la Natura i viure-hi amb coher\u00e8ncia"},"content":{"rendered":"<p>Il y a presque 40 ans, nous avons d\u00e9pass\u00e9 la capacit\u00e9 biophysique de la plan\u00e8te sans pouvoir inverser les tendances destructives qui continuent de cro\u00eetre de mani\u00e8re exponentielle. Lorsqu&rsquo;une civilisation est plong\u00e9e dans une crise syst\u00e9mique profonde, comme c&rsquo;est notre cas, il est impossible de voir les causes sans quitter le paradigme qui la tient. La civilisation industrielle moderne repose sur une vision r\u00e9ductionniste et mat\u00e9rialiste de la r\u00e9alit\u00e9. Aucune cosmologie qui consid\u00e8re que la nature a une valeur spirituelle n&rsquo;aurait pu inspirer une civilisation comme la soci\u00e9t\u00e9 occidentale dans laquelle nous vivons. Toutes les civilisations qui, en se basant sur les traditions de sagesse, ont consid\u00e9r\u00e9 la nature comme leur m\u00e8re ont \u00e9t\u00e9 associ\u00e9es \u00e0 la r\u00e9v\u00e9rence. Por cons\u00e9quent, il faut r\u00e9cup\u00e9rer ce que Raimon Panikkar appelle &lsquo;\u00e9cosophie&rsquo;, c&rsquo;est \u00e0 dire, la vision, les valeurs spirituelles et renouement avec la Nature, afin de retrouver la sagesse et la force n\u00e9cessaires pour promouvoir des changements dans les tendances autodestructrices non durables.<\/p>\n<!--themify_builder_content-->\n<div id=\"themify_builder_content-88184\" data-postid=\"88184\" class=\"themify_builder_content themify_builder_content-88184 themify_builder tf_clear\">\n    <\/div>\n<!--\/themify_builder_content-->\n","protected":false},"excerpt":{"rendered":"<p>Il y a presque 40 ans, nous avons d\u00e9pass\u00e9 la capacit\u00e9 biophysique de la plan\u00e8te sans pouvoir inverser&#8230;<\/p>\n","protected":false},"author":9,"featured_media":88148,"comment_status":"closed","ping_status":"closed","sticky":false,"template":"","format":"standard","meta":{"_acf_changed":false,"footnotes":""},"categories":[137],"tags":[259,277,367],"class_list":["post-88184","post","type-post","status-publish","format-standard","has-post-thumbnail","hentry","category-reflexions-sur-la-science-et-la-spiritualite-fr","tag-cosmovision-fr","tag-ethique","tag-philosophie-perenne","has-post-title","has-post-date","has-post-category","has-post-tag","has-post-comment","has-post-author",""],"acf":[],"_links":{"self":[{"href":"https:\/\/www.silene.ong\/fr\/wp-json\/wp\/v2\/posts\/88184","targetHints":{"allow":["GET"]}}],"collection":[{"href":"https:\/\/www.silene.ong\/fr\/wp-json\/wp\/v2\/posts"}],"about":[{"href":"https:\/\/www.silene.ong\/fr\/wp-json\/wp\/v2\/types\/post"}],"author":[{"embeddable":true,"href":"https:\/\/www.silene.ong\/fr\/wp-json\/wp\/v2\/users\/9"}],"replies":[{"embeddable":true,"href":"https:\/\/www.silene.ong\/fr\/wp-json\/wp\/v2\/comments?post=88184"}],"version-history":[{"count":2,"href":"https:\/\/www.silene.ong\/fr\/wp-json\/wp\/v2\/posts\/88184\/revisions"}],"predecessor-version":[{"id":88192,"href":"https:\/\/www.silene.ong\/fr\/wp-json\/wp\/v2\/posts\/88184\/revisions\/88192"}],"wp:featuredmedia":[{"embeddable":true,"href":"https:\/\/www.silene.ong\/fr\/wp-json\/wp\/v2\/media\/88148"}],"wp:attachment":[{"href":"https:\/\/www.silene.ong\/fr\/wp-json\/wp\/v2\/media?parent=88184"}],"wp:term":[{"taxonomy":"category","embeddable":true,"href":"https:\/\/www.silene.ong\/fr\/wp-json\/wp\/v2\/categories?post=88184"},{"taxonomy":"post_tag","embeddable":true,"href":"https:\/\/www.silene.ong\/fr\/wp-json\/wp\/v2\/tags?post=88184"}],"curies":[{"name":"wp","href":"https:\/\/api.w.org\/{rel}","templated":true}]}}