{"id":88817,"date":"2019-09-10T17:46:30","date_gmt":"2019-09-10T16:46:30","guid":{"rendered":"https:\/\/www.silene.ong\/?p=88817"},"modified":"2021-02-21T09:10:11","modified_gmt":"2021-02-21T08:10:11","slug":"88817","status":"publish","type":"post","link":"https:\/\/www.silene.ong\/fr\/actualites\/88817","title":{"rendered":"Esteles a la terra: D\u00e9couvrir et r\u00e9cup\u00e9rer les valeurs immat\u00e9rielles des m\u00e9galithes du Solson\u00e8s"},"content":{"rendered":"<p>Naturalitat et l&rsquo;association Silene organisent une journ\u00e9e de colloques et d&rsquo;exp\u00e9riences d\u00e9di\u00e9e \u00e0 l&rsquo;examen des valeurs culturelles et spirituelles des esteles n\u00e9olithiques de Solson\u00e8s. Dans la matin\u00e9e, \u00e0 El Miracle, participeront \u00e0 Laura de Castellet, Maria Garnat\u00e9, Monserrat Fussano et Josep Maria Mallarach. Dans l&rsquo;apr\u00e8s-midi, ils visiteront des endroits o\u00f9 ont \u00e9t\u00e9 visit\u00e9es les st\u00e8les qui se trouvaient aujourd&rsquo;hui dans un entrep\u00f4t de la Casa Grande del Miracle. Cette journ\u00e9e poursuit la <a href=\"https:\/\/www.change.org\/p\/sos-esteles-menhirs-a-la-natura\" target=\"_blank\" rel=\"noopener\">campagne SOS Menhirs<\/a>.<\/p>\n<p>Date: samedi 28 septembre 2019.<\/p>\n<p>Lieu: Salle des \u00e9v\u00e9nements de la mairie de Riner, El Miracle (Solson\u00e8s, Catalogne), le matin.<\/p>\n<p>Horaire: De 10 heures du matin \u00e0 20 heures.<\/p>\n<p>Vous devez vous inscrire et, le cas \u00e9ch\u00e9ant, r\u00e9server votre d\u00e9jeuner \u00e0 la Casa de Espiritualidad El Miracle.<\/p>\n<p>Pour vous inscrire et faire des r\u00e9servations veuillez \u00e9crire \u00e0: naturalitat.sven@gmail.com<\/p>\n<!--themify_builder_content-->\n<div id=\"themify_builder_content-88817\" data-postid=\"88817\" class=\"themify_builder_content themify_builder_content-88817 themify_builder tf_clear\">\n    <\/div>\n<!--\/themify_builder_content-->\n","protected":false},"excerpt":{"rendered":"<p>Naturalitat et l&rsquo;association Silene organisent une journ\u00e9e de colloques et d&rsquo;exp\u00e9riences d\u00e9di\u00e9e \u00e0 l&rsquo;examen des valeurs culturelles et&#8230;<\/p>\n","protected":false},"author":7,"featured_media":88804,"comment_status":"closed","ping_status":"closed","sticky":false,"template":"","format":"standard","meta":{"_acf_changed":false,"footnotes":""},"categories":[131],"tags":[288],"class_list":["post-88817","post","type-post","status-publish","format-standard","has-post-thumbnail","hentry","category-actualites","tag-patrimoine","has-post-title","has-post-date","has-post-category","has-post-tag","has-post-comment","has-post-author",""],"acf":[],"_links":{"self":[{"href":"https:\/\/www.silene.ong\/fr\/wp-json\/wp\/v2\/posts\/88817","targetHints":{"allow":["GET"]}}],"collection":[{"href":"https:\/\/www.silene.ong\/fr\/wp-json\/wp\/v2\/posts"}],"about":[{"href":"https:\/\/www.silene.ong\/fr\/wp-json\/wp\/v2\/types\/post"}],"author":[{"embeddable":true,"href":"https:\/\/www.silene.ong\/fr\/wp-json\/wp\/v2\/users\/7"}],"replies":[{"embeddable":true,"href":"https:\/\/www.silene.ong\/fr\/wp-json\/wp\/v2\/comments?post=88817"}],"version-history":[{"count":14,"href":"https:\/\/www.silene.ong\/fr\/wp-json\/wp\/v2\/posts\/88817\/revisions"}],"predecessor-version":[{"id":89081,"href":"https:\/\/www.silene.ong\/fr\/wp-json\/wp\/v2\/posts\/88817\/revisions\/89081"}],"wp:featuredmedia":[{"embeddable":true,"href":"https:\/\/www.silene.ong\/fr\/wp-json\/wp\/v2\/media\/88804"}],"wp:attachment":[{"href":"https:\/\/www.silene.ong\/fr\/wp-json\/wp\/v2\/media?parent=88817"}],"wp:term":[{"taxonomy":"category","embeddable":true,"href":"https:\/\/www.silene.ong\/fr\/wp-json\/wp\/v2\/categories?post=88817"},{"taxonomy":"post_tag","embeddable":true,"href":"https:\/\/www.silene.ong\/fr\/wp-json\/wp\/v2\/tags?post=88817"}],"curies":[{"name":"wp","href":"https:\/\/api.w.org\/{rel}","templated":true}]}}