{"id":90871,"date":"2019-11-04T12:25:11","date_gmt":"2019-11-04T11:25:11","guid":{"rendered":"https:\/\/www.silene.ong\/?p=90871"},"modified":"2021-02-19T07:39:48","modified_gmt":"2021-02-19T06:39:48","slug":"declaration-des-droits-du-lac-erie","status":"publish","type":"post","link":"https:\/\/www.silene.ong\/fr\/centre-de-documentation\/declaration-des-droits-du-lac-erie","title":{"rendered":"Charte des droits du lac \u00c9ri\u00e9 (Canada-EUA)"},"content":{"rendered":"<p>Depuis des ann\u00e9es, le lac \u00c9ri\u00e9 &#8211; le plus m\u00e9ridional des Grands Lacs (entre le Canada et les \u00c9tats-Unis d&rsquo;Am\u00e9rique) est en crise \u00e9cologique. Les esp\u00e8ces envahissantes sont end\u00e9miques et la biodiversit\u00e9 s&rsquo;effondre. Chaque \u00e9t\u00e9, des algues bleu-vert prolif\u00e8rent en volumes visibles de l\u2019espace, cr\u00e9ant ainsi des \u00abzones mortes\u00bb toxiques; les algues sont nourries par la pollution par les engrais et le lisier provenant des fermes environnantes. En ao\u00fbt 2014, le ruissellement au phosphore a tellement sali Erie que la ville de Toledo, situ\u00e9e \u00e0 l&rsquo;extr\u00e9mit\u00e9 ouest du lac, dans l&rsquo;Ohio, a perdu de l&rsquo;eau potable pendant trois jours au cours de la p\u00e9riode la plus chaude de l&rsquo;ann\u00e9e.<\/p>\n<p>Constern\u00e9 par la d\u00e9gradation du lac et \u00e9puis\u00e9 par les \u00e9checs des gouvernements f\u00e9d\u00e9ral et f\u00e9d\u00e9ral pour am\u00e9liorer la sant\u00e9 d\u2019\u00c9ri\u00e9, les conseillers municipaux de Toledo ont r\u00e9dig\u00e9 en d\u00e9cembre 2018 un document extraordinaire: une \u00abd\u00e9claration des droits\u00bb d\u2019urgence pour le lac \u00c9ri\u00e9. Le projet de loi avait comme proposition radicale le fait que \u00abl\u2019\u00e9cosyst\u00e8me du lac \u00c9ri\u00e9\u00bb devrait b\u00e9n\u00e9ficier de la personnalit\u00e9 juridique et des droits l\u00e9gaux qui en d\u00e9coulent, notamment le droit \u00abd\u2019exister, de s\u2019\u00e9panouir et d\u2019\u00e9voluer naturellement. La Charte des droits du lac \u00c9ri\u00e9 a \u00e9t\u00e9 adopt\u00e9e le 29 f\u00e9vrier 2019.<\/p>\n<p>Pou en savoir plus: https:\/\/www.theguardian.com\/books\/2019\/nov\/02\/trees-have-rights-too-robert-macfarlane-on-the-new-laws-of-nature<\/p>\n<!--themify_builder_content-->\n<div id=\"themify_builder_content-90871\" data-postid=\"90871\" class=\"themify_builder_content themify_builder_content-90871 themify_builder tf_clear\">\n    <\/div>\n<!--\/themify_builder_content-->\n","protected":false},"excerpt":{"rendered":"<p>Depuis des ann\u00e9es, le lac \u00c9ri\u00e9 &#8211; le plus m\u00e9ridional des Grands Lacs (entre le Canada et les&#8230;<\/p>\n","protected":false},"author":7,"featured_media":90854,"comment_status":"closed","ping_status":"closed","sticky":false,"template":"","format":"standard","meta":{"_acf_changed":false,"footnotes":""},"categories":[104,119],"tags":[268],"class_list":["post-90871","post","type-post","status-publish","format-standard","has-post-thumbnail","hentry","category-centre-de-documentation","category-documents-legaux","tag-droits-nature","has-post-title","has-post-date","has-post-category","has-post-tag","has-post-comment","has-post-author",""],"acf":[],"_links":{"self":[{"href":"https:\/\/www.silene.ong\/fr\/wp-json\/wp\/v2\/posts\/90871","targetHints":{"allow":["GET"]}}],"collection":[{"href":"https:\/\/www.silene.ong\/fr\/wp-json\/wp\/v2\/posts"}],"about":[{"href":"https:\/\/www.silene.ong\/fr\/wp-json\/wp\/v2\/types\/post"}],"author":[{"embeddable":true,"href":"https:\/\/www.silene.ong\/fr\/wp-json\/wp\/v2\/users\/7"}],"replies":[{"embeddable":true,"href":"https:\/\/www.silene.ong\/fr\/wp-json\/wp\/v2\/comments?post=90871"}],"version-history":[{"count":7,"href":"https:\/\/www.silene.ong\/fr\/wp-json\/wp\/v2\/posts\/90871\/revisions"}],"predecessor-version":[{"id":91335,"href":"https:\/\/www.silene.ong\/fr\/wp-json\/wp\/v2\/posts\/90871\/revisions\/91335"}],"wp:featuredmedia":[{"embeddable":true,"href":"https:\/\/www.silene.ong\/fr\/wp-json\/wp\/v2\/media\/90854"}],"wp:attachment":[{"href":"https:\/\/www.silene.ong\/fr\/wp-json\/wp\/v2\/media?parent=90871"}],"wp:term":[{"taxonomy":"category","embeddable":true,"href":"https:\/\/www.silene.ong\/fr\/wp-json\/wp\/v2\/categories?post=90871"},{"taxonomy":"post_tag","embeddable":true,"href":"https:\/\/www.silene.ong\/fr\/wp-json\/wp\/v2\/tags?post=90871"}],"curies":[{"name":"wp","href":"https:\/\/api.w.org\/{rel}","templated":true}]}}