{"id":92768,"date":"2015-03-16T11:15:18","date_gmt":"2015-03-16T10:15:18","guid":{"rendered":"https:\/\/www.silene.ong\/non-classifiee\/seminaire-de-promotion-du-patrimoine-culturel-des-espaces-naturels-proteges-en-espagne-reserve-de-biosphere-de-la-sierra-del-rincon-madrid"},"modified":"2021-02-20T04:44:59","modified_gmt":"2021-02-20T03:44:59","slug":"seminaire-de-promotion-du-patrimoine-culturel-des-espaces-naturels-proteges-en-espagne-reserve-de-biosphere-de-la-sierra-del-rincon-madrid","status":"publish","type":"post","link":"https:\/\/www.silene.ong\/fr\/actualites\/seminaire-de-promotion-du-patrimoine-culturel-des-espaces-naturels-proteges-en-espagne-reserve-de-biosphere-de-la-sierra-del-rincon-madrid","title":{"rendered":"S\u00e9minaire de promotion du patrimoine culturel des espaces naturels prot\u00e9g\u00e9s en Espagne &#8211; R\u00e9serve de biosph\u00e8re de la Sierra del Rinc\u00f3n (Madrid)"},"content":{"rendered":"<p>Le Bureau Technique d&rsquo;EUROPARC-Espagne a organis\u00e9, en collaboration avec la Mairie de La Hiruela, un s\u00e9minaire pour promouvoir le patrimoine culturel des espaces naturels prot\u00e9g\u00e9s en Espagne, les 24 et 25 mars \u00e0 La Hiruela, un village situ\u00e9e dans la R\u00e9serve de la biosph\u00e8re de la Sierra del Rinc\u00f3n (Communaut\u00e9 autonome de Madrid, Espagne).<\/p>\n<p>L&rsquo;objectif ultime du s\u00e9minaire \u00e9tait de partager des ressources et des exp\u00e9riences de premi\u00e8re main qui seront promues \u00e0 travers le G\u00e9oportail \u00abLe patrimoine culturel de nos espaces naturels prot\u00e9g\u00e9s\u00bb d&rsquo;EUROPARC-Espagne, et de r\u00e9fl\u00e9chir sur les d\u00e9fis et les opportunit\u00e9s de la promotion des aires prot\u00e9g\u00e9es pour \u00e0 travers le patrimoine culturel.<\/p>\n<p>Le 24, des exp\u00e9riences et ressources culturelles ont \u00e9t\u00e9 pr\u00e9sent\u00e9es, comme le g\u00e9oportail lui-m\u00eame, les inventaires et l&rsquo;\u00e9tat du patrimoine culturel dans diff\u00e9rents espaces ou les possibilit\u00e9s offertes par les savoirs traditionnels. Le 25, un atelier s&rsquo;est tenu sur l&rsquo;int\u00e9gration des valeurs et significations de la nature dans l&rsquo;information et l&rsquo;interpr\u00e9tation des aires prot\u00e9g\u00e9es. L&rsquo;atelier a suivi les lignes directrices d\u00e9finies dans le Manuel 10 sur le patrimoine immat\u00e9riel et a repr\u00e9sent\u00e9 un premier test des modules de formation d\u00e9finis au Congr\u00e8s mondial des parcs par le groupe de sp\u00e9cialistes du CSVPA.<\/p>\n<p>Activit\u00e9 subventionn\u00e9e par le secr\u00e9taire d&rsquo;\u00c9tat \u00e0 la Culture.<\/p>\n<p>Plus d&rsquo;informations sur: <a href=\"http:\/\/www.redeuroparc.org\/det_noticia.jsp?DS23.PROID=577569\" target=\"_blank\" rel=\"noopener\">EUROPARC-Espa\u00f1a<\/a><\/p>\n<!--themify_builder_content-->\n<div id=\"themify_builder_content-92768\" data-postid=\"92768\" class=\"themify_builder_content themify_builder_content-92768 themify_builder tf_clear\">\n    <\/div>\n<!--\/themify_builder_content-->\n","protected":false},"excerpt":{"rendered":"<p>Le Bureau Technique d&rsquo;EUROPARC-Espagne a organis\u00e9, en collaboration avec la Mairie de La Hiruela, un s\u00e9minaire pour promouvoir&#8230;<\/p>\n","protected":false},"author":21,"featured_media":73460,"comment_status":"closed","ping_status":"closed","sticky":false,"template":"","format":"standard","meta":{"_acf_changed":false,"footnotes":""},"categories":[131],"tags":[],"class_list":["post-92768","post","type-post","status-publish","format-standard","has-post-thumbnail","hentry","category-actualites","has-post-title","has-post-date","has-post-category","has-post-tag","has-post-comment","has-post-author",""],"acf":[],"_links":{"self":[{"href":"https:\/\/www.silene.ong\/fr\/wp-json\/wp\/v2\/posts\/92768","targetHints":{"allow":["GET"]}}],"collection":[{"href":"https:\/\/www.silene.ong\/fr\/wp-json\/wp\/v2\/posts"}],"about":[{"href":"https:\/\/www.silene.ong\/fr\/wp-json\/wp\/v2\/types\/post"}],"author":[{"embeddable":true,"href":"https:\/\/www.silene.ong\/fr\/wp-json\/wp\/v2\/users\/21"}],"replies":[{"embeddable":true,"href":"https:\/\/www.silene.ong\/fr\/wp-json\/wp\/v2\/comments?post=92768"}],"version-history":[{"count":2,"href":"https:\/\/www.silene.ong\/fr\/wp-json\/wp\/v2\/posts\/92768\/revisions"}],"predecessor-version":[{"id":92791,"href":"https:\/\/www.silene.ong\/fr\/wp-json\/wp\/v2\/posts\/92768\/revisions\/92791"}],"wp:featuredmedia":[{"embeddable":true,"href":"https:\/\/www.silene.ong\/fr\/wp-json\/"}],"wp:attachment":[{"href":"https:\/\/www.silene.ong\/fr\/wp-json\/wp\/v2\/media?parent=92768"}],"wp:term":[{"taxonomy":"category","embeddable":true,"href":"https:\/\/www.silene.ong\/fr\/wp-json\/wp\/v2\/categories?post=92768"},{"taxonomy":"post_tag","embeddable":true,"href":"https:\/\/www.silene.ong\/fr\/wp-json\/wp\/v2\/tags?post=92768"}],"curies":[{"name":"wp","href":"https:\/\/api.w.org\/{rel}","templated":true}]}}