{"id":92769,"date":"2015-02-16T11:17:12","date_gmt":"2015-02-16T10:17:12","guid":{"rendered":"https:\/\/www.silene.ong\/non-classifiee\/congres-annuel-de-la-societe-internationale-dethique-de-lenvironnement-lethique-environnementale-entre-action-et-reflexion"},"modified":"2021-02-23T09:34:47","modified_gmt":"2021-02-23T08:34:47","slug":"congres-annuel-de-la-societe-internationale-dethique-de-lenvironnement-lethique-environnementale-entre-action-et-reflexion","status":"publish","type":"post","link":"https:\/\/www.silene.ong\/fr\/actualites\/congres-annuel-de-la-societe-internationale-dethique-de-lenvironnement-lethique-environnementale-entre-action-et-reflexion","title":{"rendered":"Congr\u00e8s annuel de la Soci\u00e9t\u00e9 internationale d&rsquo;\u00e9thique de l&rsquo;environnement: l&rsquo;\u00e9thique environnementale entre action et r\u00e9flexion"},"content":{"rendered":"<p>Du 23 au 25 juillet 2015, la Chaire de philosophie et d&rsquo;\u00e9thique de l&rsquo;environnement de l&rsquo;Universit\u00e9 Christian Albrechts de Kiel (Allemagne) accueillera le congr\u00e8s annuel de la Soci\u00e9t\u00e9 internationale d&rsquo;\u00e9thique de l&rsquo;environnement. La devise du congr\u00e8s \u00ab\u00a0<em>Ethique environnementale, entre action et r\u00e9flexion<\/em>\u00a0\u00bb exprime l&rsquo;id\u00e9e que l&rsquo;\u00e9thique environnementale peut \u00eatre comprise comme couvrant deux voies de recherche et de raisonnement. Un itin\u00e9raire est pratique: l&rsquo;\u00e9thique environnementale vise \u00e0 guider l&rsquo;action, sur la base de normes et principes moraux, de concepts et d&rsquo;id\u00e9es (par exemple, la durabilit\u00e9, l&rsquo;\u00e9cologie profonde, la justice environnementale) qui les transforme en lignes directrices, normes et objectifs pour son application pratique et sa formulation politique. L&rsquo;autre voie est r\u00e9flexive: l&rsquo;\u00e9thique environnementale agit comme un pont entre les probl\u00e8mes pratiques rencontr\u00e9s et les r\u00e9flexions conceptuelles qui les \u00e9clairent de mani\u00e8re critique en fonction de leurs budgets.<\/p>\n<p>De cette fa\u00e7on, cette route philosophique est plong\u00e9e dans des questions m\u00e9ta\u00e9thiques, \u00e9pist\u00e9mologiques et ontologiques. Le long de cette voie r\u00e9flexive, l&rsquo;\u00e9thique environnementale joue le r\u00f4le traditionnel des philosophes. Les deux voies sont interdisciplinaires: d&rsquo;une part, dans l&rsquo;objectif de guider les arguments d&rsquo;action, l&rsquo;\u00e9thique environnementale est n\u00e9cessairement bas\u00e9e sur des opinions motiv\u00e9es sur ce qu&rsquo;est et comment le monde est r\u00e9ellement. D&rsquo;autre part, l&rsquo;analyse des budgets des diff\u00e9rents types d&rsquo;arguments utilis\u00e9s dans les discours environnementaux oriente la recherche non seulement dans les disciplines philosophiques voisines mais aussi dans d&rsquo;autres sciences et sciences humaines, telles que les sciences politiques, l&rsquo;anthropologie et \u00e9conomie.<\/p>\n<p>Pour des questions sp\u00e9cifiques, veuillez contacter Lieske Voget-Kleschin \u00e0: voget-kleschin@philsem.uni-kiel.de<\/p>\n<p>Pour plus d&rsquo;informations: <a href=\"http:\/\/www.isee2015.uni-kiel.de\/\" target=\"_blank\" rel=\"noopener\">International Society for Environmental Ethics<\/a>.<\/p>\n<!--themify_builder_content-->\n<div id=\"themify_builder_content-92769\" data-postid=\"92769\" class=\"themify_builder_content themify_builder_content-92769 themify_builder tf_clear\">\n    <\/div>\n<!--\/themify_builder_content-->\n","protected":false},"excerpt":{"rendered":"<p>Du 23 au 25 juillet 2015, la Chaire de philosophie et d&rsquo;\u00e9thique de l&rsquo;environnement de l&rsquo;Universit\u00e9 Christian Albrechts&#8230;<\/p>\n","protected":false},"author":21,"featured_media":73460,"comment_status":"closed","ping_status":"closed","sticky":false,"template":"","format":"standard","meta":{"_acf_changed":false,"footnotes":""},"categories":[131],"tags":[255,256,277],"class_list":["post-92769","post","type-post","status-publish","format-standard","has-post-thumbnail","hentry","category-actualites","tag-conservation","tag-conservation-fr","tag-ethique","has-post-title","has-post-date","has-post-category","has-post-tag","has-post-comment","has-post-author",""],"acf":[],"_links":{"self":[{"href":"https:\/\/www.silene.ong\/fr\/wp-json\/wp\/v2\/posts\/92769","targetHints":{"allow":["GET"]}}],"collection":[{"href":"https:\/\/www.silene.ong\/fr\/wp-json\/wp\/v2\/posts"}],"about":[{"href":"https:\/\/www.silene.ong\/fr\/wp-json\/wp\/v2\/types\/post"}],"author":[{"embeddable":true,"href":"https:\/\/www.silene.ong\/fr\/wp-json\/wp\/v2\/users\/21"}],"replies":[{"embeddable":true,"href":"https:\/\/www.silene.ong\/fr\/wp-json\/wp\/v2\/comments?post=92769"}],"version-history":[{"count":2,"href":"https:\/\/www.silene.ong\/fr\/wp-json\/wp\/v2\/posts\/92769\/revisions"}],"predecessor-version":[{"id":92787,"href":"https:\/\/www.silene.ong\/fr\/wp-json\/wp\/v2\/posts\/92769\/revisions\/92787"}],"wp:featuredmedia":[{"embeddable":true,"href":"https:\/\/www.silene.ong\/fr\/wp-json\/"}],"wp:attachment":[{"href":"https:\/\/www.silene.ong\/fr\/wp-json\/wp\/v2\/media?parent=92769"}],"wp:term":[{"taxonomy":"category","embeddable":true,"href":"https:\/\/www.silene.ong\/fr\/wp-json\/wp\/v2\/categories?post=92769"},{"taxonomy":"post_tag","embeddable":true,"href":"https:\/\/www.silene.ong\/fr\/wp-json\/wp\/v2\/tags?post=92769"}],"curies":[{"name":"wp","href":"https:\/\/api.w.org\/{rel}","templated":true}]}}