{"id":92770,"date":"2015-01-16T11:19:33","date_gmt":"2015-01-16T10:19:33","guid":{"rendered":"https:\/\/www.silene.ong\/non-classifiee\/atelier-pour-le-developpement-de-lagenda-des-priorites-de-recherche-sur-les-usages-communaux-en-espagne"},"modified":"2021-02-21T11:56:53","modified_gmt":"2021-02-21T10:56:53","slug":"atelier-pour-le-developpement-de-lagenda-des-priorites-de-recherche-sur-les-usages-communaux-en-espagne","status":"publish","type":"post","link":"https:\/\/www.silene.ong\/fr\/actualites\/atelier-pour-le-developpement-de-lagenda-des-priorites-de-recherche-sur-les-usages-communaux-en-espagne","title":{"rendered":"Atelier pour le d\u00e9veloppement de l&rsquo;agenda des priorit\u00e9s de recherche sur les usages communaux en Espagne"},"content":{"rendered":"<p>L&rsquo;organisation Iniciativa Comunales, avec le soutien du D\u00e9partement d&rsquo;\u00e9conomie, de sociologie et des politiques agricoles de l&rsquo;Universit\u00e9 de Cordoue, a organis\u00e9 un atelier participatif les 9 et 10 janvier \u00e0 l&rsquo;Universit\u00e9 de Cordoue (Andalousie), dans le but d&rsquo;identifier et de hi\u00e9rarchiser les lignes des recherches sur les usages communaux en Espagne.<\/p>\n<p>L&rsquo;atelier a r\u00e9uni plus de trente participants, issus de diff\u00e9rentes organisations communautaires espagnoles et d&rsquo;autres organisations impliqu\u00e9es dans le sujet.L&rsquo;atelier a abord\u00e9 les principaux probl\u00e8mes des Communes en Espagne, en identifiant les principaux d\u00e9fis auxquels sont confront\u00e9s leur gestion, leur utilisation et leur avenir, et en soulevant divers axes de recherche pour chacun d&rsquo;eux. Enfin, les propositions ont \u00e9t\u00e9 ordonn\u00e9es pour obtenir l&rsquo;agenda des priorit\u00e9s de recherche des usages communaux en Espagne.<\/p>\n<p>Apr\u00e8s l&rsquo;atelier, s&rsquo;est tenue l&rsquo;Assembl\u00e9e g\u00e9n\u00e9rale constituant l&rsquo;Initiative communautaire, au cours de laquelle le projet de statuts de l&rsquo;association a \u00e9t\u00e9 discut\u00e9, jusqu&rsquo;\u00e0 ce qu&rsquo;il soit convenu, les aspects administratifs ont \u00e9t\u00e9 formalis\u00e9s et la feuille de route a \u00e9t\u00e9 mise \u00e0 jour.<\/p>\n<p>L&rsquo;Association Silene a particip\u00e9 \u00e0 l&rsquo;atelier et \u00e0 l&rsquo;assembl\u00e9e constituante de l&rsquo;IniciativaComunales pour apporter leur exp\u00e9rience du patrimoine immat\u00e9riel et des sites naturels sacr\u00e9s.<\/p>\n<p>Document connexe: <i><a href=\"http:\/\/www.silene.es\/resultado.asp?IdDocumento=311&amp;IdAmbito=5\" target=\"_blank\" rel=\"noopener\">Declaraci\u00f3n de Valdeavellano de Tera por la defensa y reconocimiento de los Usos Comunales y las ICCA en Espa\u00f1a<\/a><\/i><\/p>\n<!--themify_builder_content-->\n<div id=\"themify_builder_content-92770\" data-postid=\"92770\" class=\"themify_builder_content themify_builder_content-92770 themify_builder tf_clear\">\n    <\/div>\n<!--\/themify_builder_content-->\n","protected":false},"excerpt":{"rendered":"<p>L&rsquo;organisation Iniciativa Comunales, avec le soutien du D\u00e9partement d&rsquo;\u00e9conomie, de sociologie et des politiques agricoles de l&rsquo;Universit\u00e9 de&#8230;<\/p>\n","protected":false},"author":21,"featured_media":77473,"comment_status":"closed","ping_status":"closed","sticky":false,"template":"","format":"standard","meta":{"_acf_changed":false,"footnotes":""},"categories":[131],"tags":[256,280],"class_list":["post-92770","post","type-post","status-publish","format-standard","has-post-thumbnail","hentry","category-actualites","tag-conservation-fr","tag-gouvernance","has-post-title","has-post-date","has-post-category","has-post-tag","has-post-comment","has-post-author",""],"acf":[],"_links":{"self":[{"href":"https:\/\/www.silene.ong\/fr\/wp-json\/wp\/v2\/posts\/92770","targetHints":{"allow":["GET"]}}],"collection":[{"href":"https:\/\/www.silene.ong\/fr\/wp-json\/wp\/v2\/posts"}],"about":[{"href":"https:\/\/www.silene.ong\/fr\/wp-json\/wp\/v2\/types\/post"}],"author":[{"embeddable":true,"href":"https:\/\/www.silene.ong\/fr\/wp-json\/wp\/v2\/users\/21"}],"replies":[{"embeddable":true,"href":"https:\/\/www.silene.ong\/fr\/wp-json\/wp\/v2\/comments?post=92770"}],"version-history":[{"count":3,"href":"https:\/\/www.silene.ong\/fr\/wp-json\/wp\/v2\/posts\/92770\/revisions"}],"predecessor-version":[{"id":92785,"href":"https:\/\/www.silene.ong\/fr\/wp-json\/wp\/v2\/posts\/92770\/revisions\/92785"}],"wp:featuredmedia":[{"embeddable":true,"href":"https:\/\/www.silene.ong\/fr\/wp-json\/wp\/v2\/media\/77473"}],"wp:attachment":[{"href":"https:\/\/www.silene.ong\/fr\/wp-json\/wp\/v2\/media?parent=92770"}],"wp:term":[{"taxonomy":"category","embeddable":true,"href":"https:\/\/www.silene.ong\/fr\/wp-json\/wp\/v2\/categories?post=92770"},{"taxonomy":"post_tag","embeddable":true,"href":"https:\/\/www.silene.ong\/fr\/wp-json\/wp\/v2\/tags?post=92770"}],"curies":[{"name":"wp","href":"https:\/\/api.w.org\/{rel}","templated":true}]}}