{"id":92880,"date":"2014-07-17T10:10:26","date_gmt":"2014-07-17T09:10:26","guid":{"rendered":"https:\/\/www.silene.ong\/non-classifiee\/2emes-journees-de-risco-caido-et-les-paysages-sacres-de-montagne-de-gran-canarie"},"modified":"2021-02-19T10:39:27","modified_gmt":"2021-02-19T09:39:27","slug":"2emes-journees-de-risco-caido-et-les-paysages-sacres-de-montagne-de-gran-canarie","status":"publish","type":"post","link":"https:\/\/www.silene.ong\/fr\/actualites\/2emes-journees-de-risco-caido-et-les-paysages-sacres-de-montagne-de-gran-canarie","title":{"rendered":"II Journ\u00e9es de Risco Ca\u00eddo et les paysages sacr\u00e9s de montagne de Gran Canarie"},"content":{"rendered":"<p>Dans le cadre des initiatives men\u00e9es par le Cabildo de Gran Canaria (\u00eeles Canaries, Espagne) pour conserver, enqu\u00eater et valoriser cette d\u00e9couverte unique du patrimoine historique de Gran Canaria, cette deuxi\u00e8me r\u00e9union devait exposer de nouvelles d\u00e9couvertes, promouvoir de nouvelles r\u00e9flexions sur le Risco d\u00e9chu et explorer les possibilit\u00e9s de sa reconnaissance internationale et, le cas \u00e9ch\u00e9ant, le proposer comme patrimoine mondial.<\/p>\n<p>La Conf\u00e9rence a connu une participation notable. Lors de la derni\u00e8re session, les conclusions ont \u00e9t\u00e9 pr\u00e9sent\u00e9es, parmi lesquelles il est soulign\u00e9 que la commodit\u00e9 d&rsquo;adopter une approche \u00abbien mixte\u00bb \/ \u00abpaysage culturel\u00bb dans la pr\u00e9paration de la candidature au patrimoine mondial a \u00e9t\u00e9 soulign\u00e9e, soulignant qu&rsquo;il s&rsquo;agit d&rsquo;un culture matriarcale \u00e9teinte, nord-africaine, qui a \u00e9volu\u00e9 ind\u00e9pendamment pendant deux mill\u00e9naires, atteignant un d\u00e9veloppement culturel et spirituel important et r\u00e9ussi dans son autor\u00e9gulation dans un environnement naturel isol\u00e9, d&rsquo;une grande diversit\u00e9 et fragilit\u00e9, avec une majorit\u00e9 d&rsquo;esp\u00e8ces end\u00e9miques. Plusieurs orateurs ont r\u00e9it\u00e9r\u00e9 que la pr\u00e9paration d&rsquo;une candidature \u00e0 la d\u00e9claration de site du patrimoine naturel devrait stimuler un engagement de coop\u00e9ration, de la part des principaux agents, publics et priv\u00e9s de l&rsquo;\u00eele, ainsi que la promotion de la recherche et de l&rsquo;analyse comparative pour d\u00e9montrer, Si tel est le cas, la valeur universelle de certains \u00e9l\u00e9ments plus uniques de l&rsquo;ancienne culture canarienne.<\/p>\n<p>L&rsquo;opportunit\u00e9\u00a0 pour promouvoir un d\u00e9veloppement durable v\u00e9ritable et durable\u00a0a \u00e9t\u00e9 soulign\u00e9e, \u00e0 commencer par la R\u00e9serve de biosph\u00e8re de Gran Canaria, bas\u00e9e sur la sagesse de la civilisation aborig\u00e8ne de l&rsquo;\u00eele, consid\u00e9rant que tout le patrimoine est un cadeau qui doit \u00eatre transmettre aux g\u00e9n\u00e9rations futures, ce qui nous met au d\u00e9fi de penser et d&rsquo;agir en fonction de ces principes et valeurs qui donnent un sens \u00e0 nos vies.<\/p>\n<p>Plus d&rsquo;informations:<i><a href=\"http:\/\/www.caminoaitaca.com\/2007\/10\/bentayga-un-calendario-de-roca-en-el.html\" target=\"_blank\" rel=\"noopener\">Bentayga: Un calendario de roca en el coraz\u00f3n de Gran Canaria<\/a><\/i><\/p>\n<!--themify_builder_content-->\n<div id=\"themify_builder_content-92880\" data-postid=\"92880\" class=\"themify_builder_content themify_builder_content-92880 themify_builder tf_clear\">\n    <\/div>\n<!--\/themify_builder_content-->\n","protected":false},"excerpt":{"rendered":"<p>Dans le cadre des initiatives men\u00e9es par le Cabildo de Gran Canaria (\u00eeles Canaries, Espagne) pour conserver, enqu\u00eater&#8230;<\/p>\n","protected":false},"author":21,"featured_media":77620,"comment_status":"closed","ping_status":"closed","sticky":false,"template":"","format":"standard","meta":{"_acf_changed":false,"footnotes":""},"categories":[131],"tags":[288,365,298],"class_list":["post-92880","post","type-post","status-publish","format-standard","has-post-thumbnail","hentry","category-actualites","tag-patrimoine","tag-traditions-ancestrales","tag-valeurs-culturels","has-post-title","has-post-date","has-post-category","has-post-tag","has-post-comment","has-post-author",""],"acf":[],"_links":{"self":[{"href":"https:\/\/www.silene.ong\/fr\/wp-json\/wp\/v2\/posts\/92880","targetHints":{"allow":["GET"]}}],"collection":[{"href":"https:\/\/www.silene.ong\/fr\/wp-json\/wp\/v2\/posts"}],"about":[{"href":"https:\/\/www.silene.ong\/fr\/wp-json\/wp\/v2\/types\/post"}],"author":[{"embeddable":true,"href":"https:\/\/www.silene.ong\/fr\/wp-json\/wp\/v2\/users\/21"}],"replies":[{"embeddable":true,"href":"https:\/\/www.silene.ong\/fr\/wp-json\/wp\/v2\/comments?post=92880"}],"version-history":[{"count":2,"href":"https:\/\/www.silene.ong\/fr\/wp-json\/wp\/v2\/posts\/92880\/revisions"}],"predecessor-version":[{"id":92909,"href":"https:\/\/www.silene.ong\/fr\/wp-json\/wp\/v2\/posts\/92880\/revisions\/92909"}],"wp:featuredmedia":[{"embeddable":true,"href":"https:\/\/www.silene.ong\/fr\/wp-json\/wp\/v2\/media\/77620"}],"wp:attachment":[{"href":"https:\/\/www.silene.ong\/fr\/wp-json\/wp\/v2\/media?parent=92880"}],"wp:term":[{"taxonomy":"category","embeddable":true,"href":"https:\/\/www.silene.ong\/fr\/wp-json\/wp\/v2\/categories?post=92880"},{"taxonomy":"post_tag","embeddable":true,"href":"https:\/\/www.silene.ong\/fr\/wp-json\/wp\/v2\/tags?post=92880"}],"curies":[{"name":"wp","href":"https:\/\/api.w.org\/{rel}","templated":true}]}}