{"id":94370,"date":"2019-07-26T18:24:58","date_gmt":"2019-07-26T17:24:58","guid":{"rendered":"https:\/\/www.silene.ong\/?p=94370"},"modified":"2021-02-21T08:29:09","modified_gmt":"2021-02-21T07:29:09","slug":"jacint-verdaguer-pere-du-pyreneisme-culturel-et-spirituel","status":"publish","type":"post","link":"https:\/\/www.silene.ong\/fr\/actualites\/jacint-verdaguer-pere-du-pyreneisme-culturel-et-spirituel","title":{"rendered":"Film sur le pr\u00eate-po\u00e8te Jacint Verdaguer, p\u00e8re du pyr\u00e9n\u00e9isme culturel et spirituel"},"content":{"rendered":"<p><span class=\"tlid-translation translation\" lang=\"fr\">\u00ab\u00a0<em>Male\u00efda 1882, l&rsquo;aventura de Jacint Verdaguer a l&rsquo;Aneto<\/em>\u00ab\u00a0, le film documentaire catalan r\u00e9alis\u00e9 par Albert Naud\u00edn et produit par FilmeXplora avec la production associ\u00e9e de la Fondation Jacint Verdaguer et la participation de TV3, est sorti en salles en Catalogne en juillet 2019.<\/span><\/p>\n<p>Le film recr\u00e9e fid\u00e8lement l&rsquo;itin\u00e9raire qui a suivi le pr\u00eatre-po\u00e8te lors de son voyage de La Seu d&rsquo;Urgell et de son ascension \u00e0 La Male\u00efda (Aneto), en 1882, \u00e0 travers les vers du grand po\u00e8te et les textes de recherche de Bernat Gasull, recueilli dans le livre Male\u00efda (Verdaguer Edicions, 2015).<\/p>\n<p>Verdaguer a \u00e9t\u00e9 le premier catalan \u00e0 gravir les principaux sommets des Pyr\u00e9n\u00e9es Orientales, du Canig\u00f3 a l&rsquo;Aneto, pouss\u00e9 par des aspirations compl\u00e8tement diff\u00e9rentes de celles des aristocrates pyr\u00e9n\u00e9ens anglais et fran\u00e7ais du moment: faire connaissance du berceau de la Catalogne, ses habitants, ses mythes et l\u00e9gendes pour completer son grand po\u00e8me \u00ab\u00a0<a href=\"https:\/\/es.wikipedia.org\/wiki\/Canig%C3%B3_(poema)\" target=\"_blank\" rel=\"noopener\">Canig\u00f3<\/a>\u00a0\u00bb (1886), qui a jou\u00e9 un r\u00f4le cl\u00e9 dans la \u00ab\u00a0Renaixen\u00e7a\u00a0\u00bb catalane et a eu une grande influence sur le d\u00e9veloppement de la randonn\u00e9e catalane, ouverte \u00e0 la culture et \u00e0 la spiritualit\u00e9.<\/p>\n<!--themify_builder_content-->\n<div id=\"themify_builder_content-94370\" data-postid=\"94370\" class=\"themify_builder_content themify_builder_content-94370 themify_builder tf_clear\">\n    <\/div>\n<!--\/themify_builder_content-->\n","protected":false},"excerpt":{"rendered":"<p>\u00ab\u00a0Male\u00efda 1882, l&rsquo;aventura de Jacint Verdaguer a l&rsquo;Aneto\u00ab\u00a0, le film documentaire catalan r\u00e9alis\u00e9 par Albert Naud\u00edn et produit&#8230;<\/p>\n","protected":false},"author":7,"featured_media":94364,"comment_status":"closed","ping_status":"closed","sticky":false,"template":"","format":"standard","meta":{"_acf_changed":false,"footnotes":""},"categories":[131],"tags":[378],"class_list":["post-94370","post","type-post","status-publish","format-standard","has-post-thumbnail","hentry","category-actualites","tag-art-fr","has-post-title","has-post-date","has-post-category","has-post-tag","has-post-comment","has-post-author",""],"acf":[],"_links":{"self":[{"href":"https:\/\/www.silene.ong\/fr\/wp-json\/wp\/v2\/posts\/94370","targetHints":{"allow":["GET"]}}],"collection":[{"href":"https:\/\/www.silene.ong\/fr\/wp-json\/wp\/v2\/posts"}],"about":[{"href":"https:\/\/www.silene.ong\/fr\/wp-json\/wp\/v2\/types\/post"}],"author":[{"embeddable":true,"href":"https:\/\/www.silene.ong\/fr\/wp-json\/wp\/v2\/users\/7"}],"replies":[{"embeddable":true,"href":"https:\/\/www.silene.ong\/fr\/wp-json\/wp\/v2\/comments?post=94370"}],"version-history":[{"count":5,"href":"https:\/\/www.silene.ong\/fr\/wp-json\/wp\/v2\/posts\/94370\/revisions"}],"predecessor-version":[{"id":94753,"href":"https:\/\/www.silene.ong\/fr\/wp-json\/wp\/v2\/posts\/94370\/revisions\/94753"}],"wp:featuredmedia":[{"embeddable":true,"href":"https:\/\/www.silene.ong\/fr\/wp-json\/wp\/v2\/media\/94364"}],"wp:attachment":[{"href":"https:\/\/www.silene.ong\/fr\/wp-json\/wp\/v2\/media?parent=94370"}],"wp:term":[{"taxonomy":"category","embeddable":true,"href":"https:\/\/www.silene.ong\/fr\/wp-json\/wp\/v2\/categories?post=94370"},{"taxonomy":"post_tag","embeddable":true,"href":"https:\/\/www.silene.ong\/fr\/wp-json\/wp\/v2\/tags?post=94370"}],"curies":[{"name":"wp","href":"https:\/\/api.w.org\/{rel}","templated":true}]}}