{"id":94974,"date":"2019-11-14T09:27:54","date_gmt":"2019-11-14T08:27:54","guid":{"rendered":"https:\/\/www.silene.ong\/?p=94974"},"modified":"2021-02-23T09:28:14","modified_gmt":"2021-02-23T08:28:14","slug":"ii-colloque-international-sur-la-sacra-saxa-les-pierres-sacrees-de-la-peninsule-iberique","status":"publish","type":"post","link":"https:\/\/www.silene.ong\/fr\/actualites\/ii-colloque-international-sur-la-sacra-saxa-les-pierres-sacrees-de-la-peninsule-iberique","title":{"rendered":"II Colloque international sur la Sacra Saxa: les pierres sacr\u00e9es de la p\u00e9ninsule ib\u00e9rique"},"content":{"rendered":"<p>L&rsquo;Institut d&rsquo;\u00e9tudes altoaragonaises, en collaboration avec le Cabinet des antiquit\u00e9s de l&rsquo;Acad\u00e9mie royale d&rsquo;histoire et la Fondation Ibercaja annonce le II Symposium international sur la Sacra Saxa: les pierres sacr\u00e9es de la p\u00e9ninsule ib\u00e9rique, qui se tiendra \u00e0 Huesca, Aragon (Espagne) le 21 , 22 et 23 novembre 2019.<\/p>\n<p>Les nouvelles informations obtenues dans plus de vingt provinces espagnoles seront fournies, collect\u00e9es en quinze interventions qui feront conna\u00eetre l&rsquo;\u00e9tat actuel de ces investigations, sous le double aspect de l&rsquo;\u00e9tude et de l&rsquo;interpr\u00e9tation des monuments et de l&rsquo;\u00e9valuation et de la diffusion comme \u00e9l\u00e9ments du plus grand int\u00e9r\u00eat pour le patrimoine arch\u00e9ologique et paysager, auquel sera consacr\u00e9e la derni\u00e8re journ\u00e9e, pour discuter des conclusions et pr\u00e9senter de nouvelles propositions d&rsquo;action.<\/p>\n<p><a href=\"https:\/\/aragondocumenta.com\/sacra-saxa-2019\/\" target=\"_blank\" rel=\"noopener\">Voyex les programme (en espagnol) ici.<\/a><\/p>\n<!--themify_builder_content-->\n<div id=\"themify_builder_content-94974\" data-postid=\"94974\" class=\"themify_builder_content themify_builder_content-94974 themify_builder tf_clear\">\n    <\/div>\n<!--\/themify_builder_content-->\n","protected":false},"excerpt":{"rendered":"<p>L&rsquo;Institut d&rsquo;\u00e9tudes altoaragonaises, en collaboration avec le Cabinet des antiquit\u00e9s de l&rsquo;Acad\u00e9mie royale d&rsquo;histoire et la Fondation Ibercaja&#8230;<\/p>\n","protected":false},"author":7,"featured_media":94960,"comment_status":"closed","ping_status":"closed","sticky":false,"template":"","format":"standard","meta":{"_acf_changed":false,"footnotes":""},"categories":[131],"tags":[],"class_list":["post-94974","post","type-post","status-publish","format-standard","has-post-thumbnail","hentry","category-actualites","has-post-title","has-post-date","has-post-category","has-post-tag","has-post-comment","has-post-author",""],"acf":[],"_links":{"self":[{"href":"https:\/\/www.silene.ong\/fr\/wp-json\/wp\/v2\/posts\/94974","targetHints":{"allow":["GET"]}}],"collection":[{"href":"https:\/\/www.silene.ong\/fr\/wp-json\/wp\/v2\/posts"}],"about":[{"href":"https:\/\/www.silene.ong\/fr\/wp-json\/wp\/v2\/types\/post"}],"author":[{"embeddable":true,"href":"https:\/\/www.silene.ong\/fr\/wp-json\/wp\/v2\/users\/7"}],"replies":[{"embeddable":true,"href":"https:\/\/www.silene.ong\/fr\/wp-json\/wp\/v2\/comments?post=94974"}],"version-history":[{"count":1,"href":"https:\/\/www.silene.ong\/fr\/wp-json\/wp\/v2\/posts\/94974\/revisions"}],"predecessor-version":[{"id":94975,"href":"https:\/\/www.silene.ong\/fr\/wp-json\/wp\/v2\/posts\/94974\/revisions\/94975"}],"wp:featuredmedia":[{"embeddable":true,"href":"https:\/\/www.silene.ong\/fr\/wp-json\/wp\/v2\/media\/94960"}],"wp:attachment":[{"href":"https:\/\/www.silene.ong\/fr\/wp-json\/wp\/v2\/media?parent=94974"}],"wp:term":[{"taxonomy":"category","embeddable":true,"href":"https:\/\/www.silene.ong\/fr\/wp-json\/wp\/v2\/categories?post=94974"},{"taxonomy":"post_tag","embeddable":true,"href":"https:\/\/www.silene.ong\/fr\/wp-json\/wp\/v2\/tags?post=94974"}],"curies":[{"name":"wp","href":"https:\/\/api.w.org\/{rel}","templated":true}]}}