{"id":95141,"date":"2020-02-25T13:58:01","date_gmt":"2020-02-25T12:58:01","guid":{"rendered":"https:\/\/www.silene.ong\/?p=95141"},"modified":"2021-02-21T08:28:07","modified_gmt":"2021-02-21T07:28:07","slug":"problematique-des-plages-et-deltas-depuis-la-perspective-de-la-geoethique-le-cas-de-la-tordera-en-catalogne","status":"publish","type":"post","link":"https:\/\/www.silene.ong\/fr\/actualites\/problematique-des-plages-et-deltas-depuis-la-perspective-de-la-geoethique-le-cas-de-la-tordera-en-catalogne","title":{"rendered":"Probl\u00e9matique des plages et deltas depuis la perspective de la g\u00e9o\u00e9thique: le cas de la Tordera en Catalogne"},"content":{"rendered":"<p>Suite \u00e0 la situation d&rsquo;urgence g\u00e9n\u00e9r\u00e9e par la temp\u00eate de Gloria en janvier dernier, la journ\u00e9e \u00ab\u00a0G\u00e9o\u00e9thique: gestion et gouvernance des ressources naturelles menac\u00e9es\u00a0\u00bb a d\u00fb \u00eatre report\u00e9e au 23 janvier et organis\u00e9e conjointement par le Campus du patrimoine culturel et naturel de l&rsquo;universit\u00e9 de Girona, SOS Costa Brava et le Centre d&rsquo;\u00e9tudes avanc\u00e9es de Blanes-CSIC.<\/p>\n<p>L&rsquo;activit\u00e9 a \u00e9t\u00e9 reprogramm\u00e9e les 5 et 6 mars au Centre d&rsquo;\u00e9tudes avanc\u00e9es de Blanes (CEAB). Compte tenu de l&rsquo;ampleur des cons\u00e9quences caus\u00e9es par la temp\u00eate sur les c\u00f4tes et \u00e0 l&rsquo;int\u00e9rieur de la Catalogne, la journ\u00e9e a \u00e9t\u00e9 remani\u00e9e pour inclure une r\u00e9flexion sur cet \u00e9pisode, dans un format de deux jours, qui contient une session consacr\u00e9e \u00e0 l&rsquo;analyse de la vuln\u00e9rabilit\u00e9 de la c\u00f4te catalane (\u00e0 une \u00e9chelle g\u00e9n\u00e9rale et en particulier dans le delta de la Tordera) dans le nouveau contexte de changement climatique, et comprend une visite du delta de la Tordera guid\u00e9e par Rafa Sard\u00e0 (CEAB), pr\u00e9sentations et table ronde avec la participation d&rsquo;agents directement impliqu\u00e9s dans la gestion, l&rsquo;utilisation et l&rsquo;entretien du delta de la Tordera. Gardant l&rsquo;objectif initial, la deuxi\u00e8me journ\u00e9e sera consacr\u00e9e \u00e0 la g\u00e9o\u00e9thique. Dr. Francesc Bellaub\u00ed (Silene), pr\u00e9sentant cette discipline comme un outil pour explorer les valeurs sous-jacentes de la recherche de solutions aux conflits dans le domaine de gea, et leur application \u00e0 la r\u00e9gression des plages, et offrira un atelier participatif guid\u00e9 par le Dr Josep Maria Mallarach (Silene).<\/p>\n<p>Toutes les pr\u00e9sentations et documents (en catalan) peuvent \u00eatre t\u00e9l\u00e9charg\u00e9s <a href=\"https:\/\/www.udg.edu\/ca\/campuspatrimoni\/Detall-noticies\/eventid\/11186\" target=\"_blank\" rel=\"noopener\">ici<\/a>.<\/p>\n<p>Actualit\u00e9es publi\u00e9es apr\u00e8s en catalan:<\/p>\n<p><a class=\"moz-txt-link-freetext\" href=\"http:\/\/www.elpuntavui.cat\/territori\/article\/11-mediambient\/1753335-demanen-un-canvi-de-valors-en-la-gestio-del-litoral-del-pais.html\">http:\/\/www.elpuntavui.cat\/territori\/article\/11-mediambient\/1753335-demanen-un-canvi-de-valors-en-la-gestio-del-litoral-del-pais.html<\/a><\/p>\n<p><a class=\"moz-txt-link-freetext\" href=\"https:\/\/www.blanes.cat\/docweb\/2020-03-05-ceab\">https:\/\/www.blanes.cat\/docweb\/2020-03-05-ceab<\/a><\/p>\n<p>En anglais: Un article \u00e9crit par Francesc Bellaub\u00ed et Josep-Maria Mallarach publi\u00e9 au blog de la<a href=\"https:\/\/iapgeoethics.blogspot.com\/2020\/04\/a-geoethical-approach-to-territory-case.html\" target=\"_blank\" rel=\"noopener\"> International Association for Promoting Geoethics<\/a>.<\/p>\n<!--themify_builder_content-->\n<div id=\"themify_builder_content-95141\" data-postid=\"95141\" class=\"themify_builder_content themify_builder_content-95141 themify_builder tf_clear\">\n    <\/div>\n<!--\/themify_builder_content-->\n","protected":false},"excerpt":{"rendered":"<p>Suite \u00e0 la situation d&rsquo;urgence g\u00e9n\u00e9r\u00e9e par la temp\u00eate de Gloria en janvier dernier, la journ\u00e9e \u00ab\u00a0G\u00e9o\u00e9thique: gestion&#8230;<\/p>\n","protected":false},"author":7,"featured_media":95123,"comment_status":"closed","ping_status":"closed","sticky":false,"template":"","format":"standard","meta":{"_acf_changed":false,"footnotes":""},"categories":[131],"tags":[277],"class_list":["post-95141","post","type-post","status-publish","format-standard","has-post-thumbnail","hentry","category-actualites","tag-ethique","has-post-title","has-post-date","has-post-category","has-post-tag","has-post-comment","has-post-author",""],"acf":[],"_links":{"self":[{"href":"https:\/\/www.silene.ong\/fr\/wp-json\/wp\/v2\/posts\/95141","targetHints":{"allow":["GET"]}}],"collection":[{"href":"https:\/\/www.silene.ong\/fr\/wp-json\/wp\/v2\/posts"}],"about":[{"href":"https:\/\/www.silene.ong\/fr\/wp-json\/wp\/v2\/types\/post"}],"author":[{"embeddable":true,"href":"https:\/\/www.silene.ong\/fr\/wp-json\/wp\/v2\/users\/7"}],"replies":[{"embeddable":true,"href":"https:\/\/www.silene.ong\/fr\/wp-json\/wp\/v2\/comments?post=95141"}],"version-history":[{"count":8,"href":"https:\/\/www.silene.ong\/fr\/wp-json\/wp\/v2\/posts\/95141\/revisions"}],"predecessor-version":[{"id":97155,"href":"https:\/\/www.silene.ong\/fr\/wp-json\/wp\/v2\/posts\/95141\/revisions\/97155"}],"wp:featuredmedia":[{"embeddable":true,"href":"https:\/\/www.silene.ong\/fr\/wp-json\/wp\/v2\/media\/95123"}],"wp:attachment":[{"href":"https:\/\/www.silene.ong\/fr\/wp-json\/wp\/v2\/media?parent=95141"}],"wp:term":[{"taxonomy":"category","embeddable":true,"href":"https:\/\/www.silene.ong\/fr\/wp-json\/wp\/v2\/categories?post=95141"},{"taxonomy":"post_tag","embeddable":true,"href":"https:\/\/www.silene.ong\/fr\/wp-json\/wp\/v2\/tags?post=95141"}],"curies":[{"name":"wp","href":"https:\/\/api.w.org\/{rel}","templated":true}]}}