{"id":97246,"date":"2020-03-10T18:27:49","date_gmt":"2020-03-10T17:27:49","guid":{"rendered":"https:\/\/www.silene.ong\/?p=97246"},"modified":"2021-02-19T13:02:55","modified_gmt":"2021-02-19T12:02:55","slug":"antonio-blay","status":"publish","type":"post","link":"https:\/\/www.silene.ong\/fr\/centre-de-documentation\/antonio-blay","title":{"rendered":"Antonio Blay"},"content":{"rendered":"<p>L&rsquo;ext\u00e9rieur est le reflet de l&rsquo;int\u00e9rieur. Dans un arbre, les fruits en poussent, sortent de l&rsquo;int\u00e9rieur. Nous sommes comme l&rsquo;arbre et tous les fruits qui apparaissent sont l&rsquo;externalisation de ce qui vit \u00e0 l&rsquo;int\u00e9rieur du tronc, sous forme de circonstances, de relations, etc., et si la conscience interne est vraiment sup\u00e9rieure, si elle est illumin\u00e9e par la Pr\u00e9sence de Dieu, les fruits seront harmonieux, pleins de lumi\u00e8re.<\/p>\n<!--themify_builder_content-->\n<div id=\"themify_builder_content-97246\" data-postid=\"97246\" class=\"themify_builder_content themify_builder_content-97246 themify_builder tf_clear\">\n    <\/div>\n<!--\/themify_builder_content-->\n","protected":false},"excerpt":{"rendered":"<p>L&rsquo;ext\u00e9rieur est le reflet de l&rsquo;int\u00e9rieur. Dans un arbre, les fruits en poussent, sortent de l&rsquo;int\u00e9rieur. Nous sommes&#8230;<\/p>\n","protected":false},"author":7,"featured_media":99275,"comment_status":"closed","ping_status":"closed","sticky":false,"template":"","format":"standard","meta":{"_acf_changed":false,"footnotes":""},"categories":[104,170],"tags":[],"class_list":["post-97246","post","type-post","status-publish","format-standard","has-post-thumbnail","hentry","category-centre-de-documentation","category-citations-de-sagesse","has-post-title","has-post-date","has-post-category","has-post-tag","has-post-comment","has-post-author",""],"acf":[],"_links":{"self":[{"href":"https:\/\/www.silene.ong\/fr\/wp-json\/wp\/v2\/posts\/97246","targetHints":{"allow":["GET"]}}],"collection":[{"href":"https:\/\/www.silene.ong\/fr\/wp-json\/wp\/v2\/posts"}],"about":[{"href":"https:\/\/www.silene.ong\/fr\/wp-json\/wp\/v2\/types\/post"}],"author":[{"embeddable":true,"href":"https:\/\/www.silene.ong\/fr\/wp-json\/wp\/v2\/users\/7"}],"replies":[{"embeddable":true,"href":"https:\/\/www.silene.ong\/fr\/wp-json\/wp\/v2\/comments?post=97246"}],"version-history":[{"count":3,"href":"https:\/\/www.silene.ong\/fr\/wp-json\/wp\/v2\/posts\/97246\/revisions"}],"predecessor-version":[{"id":99271,"href":"https:\/\/www.silene.ong\/fr\/wp-json\/wp\/v2\/posts\/97246\/revisions\/99271"}],"wp:featuredmedia":[{"embeddable":true,"href":"https:\/\/www.silene.ong\/fr\/wp-json\/wp\/v2\/media\/99275"}],"wp:attachment":[{"href":"https:\/\/www.silene.ong\/fr\/wp-json\/wp\/v2\/media?parent=97246"}],"wp:term":[{"taxonomy":"category","embeddable":true,"href":"https:\/\/www.silene.ong\/fr\/wp-json\/wp\/v2\/categories?post=97246"},{"taxonomy":"post_tag","embeddable":true,"href":"https:\/\/www.silene.ong\/fr\/wp-json\/wp\/v2\/tags?post=97246"}],"curies":[{"name":"wp","href":"https:\/\/api.w.org\/{rel}","templated":true}]}}