{"id":99349,"date":"2008-10-19T12:35:24","date_gmt":"2008-10-19T11:35:24","guid":{"rendered":"https:\/\/www.silene.ong\/?p=99349"},"modified":"2024-09-03T13:15:42","modified_gmt":"2024-09-03T11:15:42","slug":"protected-landscapes-and-cultural-and-spiritual-values","status":"publish","type":"post","link":"https:\/\/www.silene.ong\/fr\/centre-de-documentation\/protected-landscapes-and-cultural-and-spiritual-values","title":{"rendered":"Protected Landscapes and Cultural and Spiritual Values"},"content":{"rendered":"<p>Cette monographie examine les valeurs culturelles et spirituelles des aires prot\u00e9g\u00e9s de cat\u00e9gorie V de l&rsquo;UICN, appel\u00e9s g\u00e9n\u00e9riquement &lsquo;paysages prot\u00e9g\u00e9s&rsquo;. Ce sont des territoires habit\u00e9s depuis des si\u00e8cles, o\u00f9 le principal objectif de la conservation est de maintenir l&rsquo;interaction harmonieuse entre les communaut\u00e9s locales et la nature, afin de maintenir la richesse naturelle, culturelle et spirituelle qu&rsquo;ils ch\u00e9rissent, \u00e0 diff\u00e9rence des wilderness et des aires naturelles prot\u00e9g\u00e9s d\u00e9peupl\u00e9s. L&rsquo;ouvrage pr\u00e9sente 18 \u00e9tudes de cas, s\u00e9lectionn\u00e9es pour leur repr\u00e9sentativit\u00e9, provenant des cinq continents, certaines officiellement d\u00e9sign\u00e9es comme aires prot\u00e9g\u00e9s (avec diverses personnalit\u00e9s juridiques) et d&rsquo;autres non, avec des syst\u00e8mes de propri\u00e9t\u00e9, de gouvernance et de gestion diff\u00e9rents, li\u00e9s \u00e0 des cultures et traditions spirituelles tr\u00e8s diff\u00e9rentes, tous \u00e9labor\u00e9s avec la participation d&rsquo;experts locaux. La synth\u00e8se du coordinateur distille les enseignements que ces \u00e9tudes de cas offrent, et en tire des r\u00e9flexions d&rsquo;int\u00e9r\u00eat mondial en termes de m\u00e9naces et de d\u00e9fis actuels, de la diversit\u00e9 des syst\u00e8mes de gouvernance et des cl\u00e9s pour pr\u00e9server ces valeurs et leur r\u00e9flexion dans les paysages.<\/p>\n<!--themify_builder_content-->\n<div id=\"themify_builder_content-99349\" data-postid=\"99349\" class=\"themify_builder_content themify_builder_content-99349 themify_builder tf_clear\">\n    <\/div>\n<!--\/themify_builder_content-->\n","protected":false},"excerpt":{"rendered":"<p>Cette monographie examine les valeurs culturelles et spirituelles des aires prot\u00e9g\u00e9s de cat\u00e9gorie V de l&rsquo;UICN, appel\u00e9s g\u00e9n\u00e9riquement&#8230;<\/p>\n","protected":false},"author":7,"featured_media":99330,"comment_status":"closed","ping_status":"closed","sticky":false,"template":"","format":"standard","meta":{"_acf_changed":false,"footnotes":""},"categories":[104,122],"tags":[346,286,298,302],"class_list":["post-99349","post","type-post","status-publish","format-standard","has-post-thumbnail","hentry","category-centre-de-documentation","category-information-et-sensibilisation","tag-aires-protegees","tag-paysage","tag-valeurs-culturels","tag-valeurs-spirituels","has-post-title","has-post-date","has-post-category","has-post-tag","has-post-comment","has-post-author",""],"acf":[],"_links":{"self":[{"href":"https:\/\/www.silene.ong\/fr\/wp-json\/wp\/v2\/posts\/99349","targetHints":{"allow":["GET"]}}],"collection":[{"href":"https:\/\/www.silene.ong\/fr\/wp-json\/wp\/v2\/posts"}],"about":[{"href":"https:\/\/www.silene.ong\/fr\/wp-json\/wp\/v2\/types\/post"}],"author":[{"embeddable":true,"href":"https:\/\/www.silene.ong\/fr\/wp-json\/wp\/v2\/users\/7"}],"replies":[{"embeddable":true,"href":"https:\/\/www.silene.ong\/fr\/wp-json\/wp\/v2\/comments?post=99349"}],"version-history":[{"count":7,"href":"https:\/\/www.silene.ong\/fr\/wp-json\/wp\/v2\/posts\/99349\/revisions"}],"predecessor-version":[{"id":125867,"href":"https:\/\/www.silene.ong\/fr\/wp-json\/wp\/v2\/posts\/99349\/revisions\/125867"}],"wp:featuredmedia":[{"embeddable":true,"href":"https:\/\/www.silene.ong\/fr\/wp-json\/wp\/v2\/media\/99330"}],"wp:attachment":[{"href":"https:\/\/www.silene.ong\/fr\/wp-json\/wp\/v2\/media?parent=99349"}],"wp:term":[{"taxonomy":"category","embeddable":true,"href":"https:\/\/www.silene.ong\/fr\/wp-json\/wp\/v2\/categories?post=99349"},{"taxonomy":"post_tag","embeddable":true,"href":"https:\/\/www.silene.ong\/fr\/wp-json\/wp\/v2\/tags?post=99349"}],"curies":[{"name":"wp","href":"https:\/\/api.w.org\/{rel}","templated":true}]}}