{"id":99512,"date":"2018-08-28T16:55:53","date_gmt":"2018-08-28T15:55:53","guid":{"rendered":"https:\/\/www.silene.ong\/?p=99512"},"modified":"2021-02-20T12:18:49","modified_gmt":"2021-02-20T11:18:49","slug":"declaration-de-belem30","status":"publish","type":"post","link":"https:\/\/www.silene.ong\/fr\/centre-de-documentation\/declaration-de-belem30","title":{"rendered":"D\u00e9claration de B\u00e9lem+30"},"content":{"rendered":"<p>Nouvelle D\u00e9claration de Bel\u00e9m, 30 ans apr\u00e8s la publication de la \u00abCarta de Bel\u00e9m\u00bb en 1988 pr\u00e9par\u00e9e lors du I Congr\u00e8s International d&rsquo;Ethnobiologie organis\u00e9 par le Mus\u00e9e Emilio Goeldi. La D\u00e9claration de Bel\u00e9m + 30, ratifi\u00e9e par le Forum des peuples et lue en public lors de la c\u00e9r\u00e9monie de cl\u00f4ture de Bel\u00e9m + 30 le 10 ao\u00fbt 2018, en portugais et en tucano (la langue des habitants de la cha\u00eene principale d&rsquo;Amazonie). Dans ce document, les peuples et communaut\u00e9s traditionnels pr\u00e9sents d\u00e9fendent le respect de leurs territoires, la libert\u00e9 de gestion et l&rsquo;autod\u00e9termination de leurs modes de vie. Pr\u00e9conisent \u00e9galement la n\u00e9cessit\u00e9 d&rsquo;une consultation libre, pr\u00e9alable et \u00e9clair\u00e9e pour les projets et \/ ou actions susceptibles d&rsquo;affecter leurs territoires et modes de vie; partage des avantages de la recherche et \/ ou de l&rsquo;utilisation de la sociodiversit\u00e9; la mise en \u0153uvre de programmes \u00e9ducatifs diff\u00e9renci\u00e9s adapt\u00e9s aux conditions locales; cibler les ressources scientifiques et technologiques sur les initiatives des peuples traditionnels; garantir une sanction efficace pour les d\u00e9lits environnementaux et les violations des droits de l&rsquo;homme; au-del\u00e0 de la reconnaissance des connaissances, des cultures et des innovations des diff\u00e9rents peuples.<\/p>\n<!--themify_builder_content-->\n<div id=\"themify_builder_content-99512\" data-postid=\"99512\" class=\"themify_builder_content themify_builder_content-99512 themify_builder tf_clear\">\n    <\/div>\n<!--\/themify_builder_content-->\n","protected":false},"excerpt":{"rendered":"<p>Nouvelle D\u00e9claration de Bel\u00e9m, 30 ans apr\u00e8s la publication de la \u00abCarta de Bel\u00e9m\u00bb en 1988 pr\u00e9par\u00e9e lors&#8230;<\/p>\n","protected":false},"author":7,"featured_media":99496,"comment_status":"closed","ping_status":"closed","sticky":false,"template":"","format":"standard","meta":{"_acf_changed":false,"footnotes":""},"categories":[104,107],"tags":[387,302],"class_list":["post-99512","post","type-post","status-publish","format-standard","has-post-thumbnail","hentry","category-centre-de-documentation","category-declaration","tag-savoir-traditionelle","tag-valeurs-spirituels","has-post-title","has-post-date","has-post-category","has-post-tag","has-post-comment","has-post-author",""],"acf":[],"_links":{"self":[{"href":"https:\/\/www.silene.ong\/fr\/wp-json\/wp\/v2\/posts\/99512","targetHints":{"allow":["GET"]}}],"collection":[{"href":"https:\/\/www.silene.ong\/fr\/wp-json\/wp\/v2\/posts"}],"about":[{"href":"https:\/\/www.silene.ong\/fr\/wp-json\/wp\/v2\/types\/post"}],"author":[{"embeddable":true,"href":"https:\/\/www.silene.ong\/fr\/wp-json\/wp\/v2\/users\/7"}],"replies":[{"embeddable":true,"href":"https:\/\/www.silene.ong\/fr\/wp-json\/wp\/v2\/comments?post=99512"}],"version-history":[{"count":3,"href":"https:\/\/www.silene.ong\/fr\/wp-json\/wp\/v2\/posts\/99512\/revisions"}],"predecessor-version":[{"id":99520,"href":"https:\/\/www.silene.ong\/fr\/wp-json\/wp\/v2\/posts\/99512\/revisions\/99520"}],"wp:featuredmedia":[{"embeddable":true,"href":"https:\/\/www.silene.ong\/fr\/wp-json\/wp\/v2\/media\/99496"}],"wp:attachment":[{"href":"https:\/\/www.silene.ong\/fr\/wp-json\/wp\/v2\/media?parent=99512"}],"wp:term":[{"taxonomy":"category","embeddable":true,"href":"https:\/\/www.silene.ong\/fr\/wp-json\/wp\/v2\/categories?post=99512"},{"taxonomy":"post_tag","embeddable":true,"href":"https:\/\/www.silene.ong\/fr\/wp-json\/wp\/v2\/tags?post=99512"}],"curies":[{"name":"wp","href":"https:\/\/api.w.org\/{rel}","templated":true}]}}