{"id":99584,"date":"2020-05-30T16:57:13","date_gmt":"2020-05-30T15:57:13","guid":{"rendered":"https:\/\/www.silene.ong\/?p=99584"},"modified":"2021-02-20T17:10:17","modified_gmt":"2021-02-20T16:10:17","slug":"creer-en-la-sostenibilidad-las-religiones-ante-el-reto-medioambiental-2","status":"publish","type":"post","link":"https:\/\/www.silene.ong\/fr\/centre-de-documentation\/creer-en-la-sostenibilidad-las-religiones-ante-el-reto-medioambiental-2","title":{"rendered":"Pol\u00e9mico y fecundo di\u00e1logo entre la teolog\u00eda y la ecolog\u00eda"},"content":{"rendered":"<p>L&rsquo;environnementalisme contemporain, malgr\u00e9 la controverse g\u00e9n\u00e9r\u00e9e par sa revendication sociopolitique, sa proposition syst\u00e9mique et sa spiritualit\u00e9 \u00e9clectique, ne doit pas n\u00e9cessairement entrer en conflit avec la foi chr\u00e9tienne. Au contraire, au cours des derni\u00e8res d\u00e9cennies, le mouvement \u00e9cologique a \u00e9t\u00e9 une incitation, une r\u00e9vulsion et une opportunit\u00e9 historique pour la traditions ch\u00e9tienne de revenir aux sources th\u00e9ologiques, de se plonger dans le sens de la tradition sacramentelle, de retrouver une anthropologie relationnelle, de red\u00e9couvrir une mystique de louange au cr\u00e9ateur, r\u00e9habiliter la cat\u00e9gorie du sacrifice et \u00e9largir l&rsquo;horizon \u00e9thique de la pens\u00e9e sociale chr\u00e9tienne. Dans le m\u00eame temps, dans le dialogue entre th\u00e9ologie et \u00e9cologie, le christianisme peut apporter une pr\u00e9cieuse contribution pour corriger certains des exc\u00e8s id\u00e9ologiques de l&rsquo;environnementalisme.<\/p>\n<!--themify_builder_content-->\n<div id=\"themify_builder_content-99584\" data-postid=\"99584\" class=\"themify_builder_content themify_builder_content-99584 themify_builder tf_clear\">\n    <\/div>\n<!--\/themify_builder_content-->\n","protected":false},"excerpt":{"rendered":"<p>L&rsquo;environnementalisme contemporain, malgr\u00e9 la controverse g\u00e9n\u00e9r\u00e9e par sa revendication sociopolitique, sa proposition syst\u00e9mique et sa spiritualit\u00e9 \u00e9clectique, ne&#8230;<\/p>\n","protected":false},"author":7,"featured_media":99597,"comment_status":"closed","ping_status":"closed","sticky":false,"template":"","format":"standard","meta":{"_acf_changed":false,"footnotes":""},"categories":[104,140],"tags":[310,262],"class_list":["post-99584","post","type-post","status-publish","format-standard","has-post-thumbnail","hentry","category-centre-de-documentation","category-reflexions-sur-la-nature-et-la-spiritualite","tag-christianisme","tag-crise-ecologique","has-post-title","has-post-date","has-post-category","has-post-tag","has-post-comment","has-post-author",""],"acf":[],"_links":{"self":[{"href":"https:\/\/www.silene.ong\/fr\/wp-json\/wp\/v2\/posts\/99584","targetHints":{"allow":["GET"]}}],"collection":[{"href":"https:\/\/www.silene.ong\/fr\/wp-json\/wp\/v2\/posts"}],"about":[{"href":"https:\/\/www.silene.ong\/fr\/wp-json\/wp\/v2\/types\/post"}],"author":[{"embeddable":true,"href":"https:\/\/www.silene.ong\/fr\/wp-json\/wp\/v2\/users\/7"}],"replies":[{"embeddable":true,"href":"https:\/\/www.silene.ong\/fr\/wp-json\/wp\/v2\/comments?post=99584"}],"version-history":[{"count":9,"href":"https:\/\/www.silene.ong\/fr\/wp-json\/wp\/v2\/posts\/99584\/revisions"}],"predecessor-version":[{"id":99653,"href":"https:\/\/www.silene.ong\/fr\/wp-json\/wp\/v2\/posts\/99584\/revisions\/99653"}],"wp:featuredmedia":[{"embeddable":true,"href":"https:\/\/www.silene.ong\/fr\/wp-json\/wp\/v2\/media\/99597"}],"wp:attachment":[{"href":"https:\/\/www.silene.ong\/fr\/wp-json\/wp\/v2\/media?parent=99584"}],"wp:term":[{"taxonomy":"category","embeddable":true,"href":"https:\/\/www.silene.ong\/fr\/wp-json\/wp\/v2\/categories?post=99584"},{"taxonomy":"post_tag","embeddable":true,"href":"https:\/\/www.silene.ong\/fr\/wp-json\/wp\/v2\/tags?post=99584"}],"curies":[{"name":"wp","href":"https:\/\/api.w.org\/{rel}","templated":true}]}}